{"id":25653,"date":"2022-07-07T09:50:30","date_gmt":"2022-07-07T09:50:30","guid":{"rendered":"https:\/\/ettagoglobal.com\/?p=25653"},"modified":"2022-07-08T11:17:50","modified_gmt":"2022-07-08T11:17:50","slug":"wspolpraca-i-komunikacja-z-niemcami","status":"publish","type":"post","link":"https:\/\/ettagoglobal.com\/pl\/wspolpraca-i-komunikacja-z-niemcami\/","title":{"rendered":"Polsko-niemiecka wsp\u00f3\u0142praca i komunikacja"},"content":{"rendered":"<h3>Globalna firma technologiczna zdecydowa\u0142a si\u0119 przenie\u015b\u0107 procesy finansowe z&nbsp;Niemiec do&nbsp;centrum SSC w&nbsp;Polsce.<\/h3>\n<p>W&nbsp;trakcie procesu tranzycji pojawi\u0142y si\u0119 wyzwania w&nbsp;zakresie niemiecko-polskiej wsp\u00f3\u0142pracy. Wi\u0119kszo\u015b\u0107 dotyczy\u0142a obszaru komunikacji. Cho\u0107&nbsp;sam\u0105 tranzycj\u0105 obj\u0119te by\u0142o oko\u0142o 30 os\u00f3b, w&nbsp;najbli\u017cszej przysz\u0142o\u015bci firma zamierza\u0142a rozszerzy\u0107 polsko-niemieck\u0105 wsp\u00f3\u0142prac\u0119.<\/p>\n<h2>Trening mi\u0119dzykulturowy usprawnia wsp\u00f3\u0142prac\u0119<\/h2>\n<p>Jako pierwszy krok do&nbsp;uzyskania wzajemnego porozumienia, zaproponowali\u015bmy <strong>webinary dla&nbsp;wszystkich pracownik\u00f3w w&nbsp;Polsce i&nbsp;w Niemczech<\/strong>, kt\u00f3rzy ju\u017c pracuj\u0105 razem lub&nbsp;b\u0119d\u0105 pracowa\u0107 razem w&nbsp;niedalekiej przysz\u0142o\u015bci. Poniewa\u017c&nbsp;j\u0119zyk wsp\u00f3\u0142pracy zale\u017ca\u0142 od procesu, a&nbsp;niekt\u00f3rzy pracownicy byli niedost\u0119pni w&nbsp;okre\u015blonych godzinach, zrealizowali\u015bmy 4 webinary w&nbsp;j\u0119zyku niemieckim lub&nbsp;w&nbsp;angielskim w&nbsp;r\u00f3\u017cnych porach, tak, aby&nbsp;ka\u017cdy pracownik mia\u0142 realn\u0105 szans\u0119 skorzysta\u0107. \u0141\u0105cznie wzi\u0119\u0142o udzia\u0142 oko\u0142o 150 pracownik\u00f3w z&nbsp;Polski i&nbsp;Niemiec. Webinary dotyczy\u0142y punkt\u00f3w styku typowych dla&nbsp;polsko-niemieckiej wsp\u00f3\u0142pracy w&nbsp;kontek\u015bcie centrum us\u0142ug wsp\u00f3lnych i&nbsp;da\u0142y wiedz\u0119 potrzebn\u0105 do&nbsp;zarz\u0105dzania komunikacj\u0105 w&nbsp;firmie.<\/p>\n<h3>Wsp\u00f3\u0142praca polsko-niemiecka &#8211; warsztaty<\/h3>\n<p>Osoby, kt\u00f3re bra\u0142y ju\u017c udzia\u0142 w&nbsp;tranzycji, w&nbsp;drugim krok wzi\u0119\u0142y udzia\u0142 w&nbsp;dw\u00f3ch <strong>warsztatach<\/strong>. Grupy zosta\u0142y dobrane tak, aby&nbsp;w&nbsp;ka\u017cdej polskich i&nbsp;niemieckich uczestnik\u00f3w by\u0142o mniej wi\u0119cej po&nbsp;r\u00f3wno. W&nbsp;trakcie warsztat\u00f3w po\u0142o\u017cyli\u015bmy nacisk na&nbsp;budowanie relacji i&nbsp;otwarto\u015bci oraz&nbsp;na&nbsp;zdobycie umiej\u0119tno\u015bci skutecznej komunikacji. Warsztaty by\u0142y prowadzone w&nbsp;j\u0119zyku niemieckim.<\/p>\n<h3>Czynnik sukcesu:<\/h3>\n<p>Przygotowanie. W&nbsp;przygotowania zaanga\u017cowane kierownictwo firmy po&nbsp;stronie polskiej i&nbsp;niemieckiej. Projekt realizowany by\u0142 w&nbsp;nastawieniu na&nbsp;d\u0142ugofalow\u0105 wsp\u00f3\u0142prac\u0119. Dzi\u0119ki dopracowanym celom projektu umiej\u0119tnie dobrano uczestnik\u00f3w warsztat\u00f3w. Warsztaty dotyczy\u0142y realnych wyzwa\u0144 uczestnik\u00f3w, kt\u00f3re zebrali\u015bmy w&nbsp;trakcie indywidualnych rozm\u00f3w diagnostycznych.<\/p>\n<h3>Warto\u015b\u0107 dodana:<\/h3>\n<p>Synergia na&nbsp;poziomie wy\u017cszego kierownictwa. Dzi\u0119ki zaanga\u017cowaniu niemieckiego i&nbsp;polskiego kierownictwa w&nbsp;przygotowania i&nbsp;podsumowanie projektu pojawi\u0142o si\u0119 wsp\u00f3lne, lepsze zrozumienie istniej\u0105cych wyzwa\u0144 i&nbsp;przestrze\u0144 na&nbsp;wi\u0119cej pracy rami\u0119 w&nbsp;rami\u0119 przy&nbsp;wsp\u00f3lnym stawianiu im czo\u0142a.<\/p>\n<h3>Praktyczne wnioski uczestnik\u00f3w:<\/h3>\n<ul>\n<li>Zamiast pisa\u0107 d\u0142ugie maile, problemy \u0142atwiej nam b\u0119dzie omawia\u0107 od razu przez&nbsp;telefon<\/li>\n<li>Dajmy sobie wzajemnie wi\u0119cej przestrzeni na&nbsp;pytania o&nbsp;proces<\/li>\n<li>Patrzmy na&nbsp;siebie jak na&nbsp;zesp\u00f3\u0142, jeste\u015bmy zespo\u0142em<\/li>\n<li>Po&nbsp;d\u0142u\u017cszych rozmowach r\u00f3bmy sobie pisemne podsumowanie, \u017ceby z\u0142apa\u0107 najwa\u017cniejsze punkty\u2022 M\u00f3wmy wolniej po&nbsp;niemiecku<\/li>\n<li>Je\u015bli cos jest potrzebne w&nbsp;okre\u015blonym terminie, zaznaczmy to w&nbsp;mailu<\/li>\n<li>Dobrze b\u0119dzie zadzwoni\u0107 kr\u00f3tko \u017ceby doklarowa\u0107 czy&nbsp;w&nbsp;mailu wszystko jest jasne<\/li>\n<li>Rozmow\u0119 telefoniczn\u0105 zacznijmy od pogadania chwil\u0119 na&nbsp;lu\u017ano<\/li>\n<li>Unikajmy wielkich liter i&nbsp;koloru czerwonego w&nbsp;komunikacji mailowej<\/li>\n<li>Dawajmy sobie feedback na&nbsp;bie\u017c\u0105co, b\u0105d\u017amy w&nbsp;kontakcie<\/li>\n<li>Oferujmy sobie wzajemnie wsparcie<\/li>\n<li>Chcemy komunikowa\u0107 si\u0119 otwarcie i&nbsp;przyja\u017anie\/serdecznie<\/li>\n<li>Nie b\u00f3jmy si\u0119 b\u0142\u0119d\u00f3w<\/li>\n<\/ul>\n<p>Poznanie niemieckiego i&nbsp;polskiego sposobu my\u015blenia, kultury pracy i&nbsp;podej\u015bcia do&nbsp;zarz\u0105dzania projektami, pomog\u0142o obu stronom wypracowa\u0107 zasady dzia\u0142ania nowego, wielokulturowego zespo\u0142u.<\/p>\n<p>&nbsp;<\/p>\n<hr \/>\n<h3>Je\u017celi&nbsp;rozpoczynasz wsp\u00f3\u0142prac\u0119 z&nbsp;inn\u0105 kultur\u0105, lub&nbsp;chcesz usprawni\u0107 istniej\u0105ce procesy, zapraszamy na&nbsp;szkolenie mi\u0119dzykulturowe <a href=\"https:\/\/ettagoglobal.com\/wspolpraca-i-komunikacja-miedzykulturowa\/efektywna-wspolpraca-z-hindusami-niemcami-francuzami\/\"><span style=\"color: #800000;\">Efektywna wsp\u00f3\u0142praca z&nbsp;Hindusami, Niemcami, Francuzami\u2026 i&nbsp;innymi kulturami.<\/span><\/a><\/h3>\n<hr \/>\n<p>&nbsp;<\/p>\n<div data-post-id=\"1508\" class=\"insert-page insert-page-1508 \"><p>[vc_row full_width=&#8221;stretch_row&#8221;][vc_column][vc_empty_space height=&#8221;30px&#8221;][vc_column_text]<\/p>\n<h2>Porozmawiajmy o&nbsp;rozwi\u0105zaniu dopasowanym do&nbsp;Twojego biznesu<\/h2>\n<p>[\/vc_column_text][vc_empty_space height=&#8221;60px&#8221;][\/vc_column][\/vc_row][vc_row content_placement=&#8221;middle&#8221; el_class=&#8221;contact-form&#8221;][vc_column width=&#8221;5\/12&#8243;][mnky_retina_image img_url=&#8221;24770&#8243; el_class=&#8221;radius&#8221;][\/vc_column][vc_column width=&#8221;7\/12&#8243; el_class=&#8221;right-column&#8221;][vc_empty_space height=&#8221;30px&#8221;][vc_column_text]<\/p>\n<h3>Skontaktuj si\u0119 z&nbsp;nami<\/h3>\n<p>[\/vc_column_text][vc_empty_space height=&#8221;15px&#8221;][vc_column_text]<span style=\"font-weight: 400;\">Zastanawiasz si\u0119 jakie szkolenie b\u0119dzie optymalne dla&nbsp;Twojej firmy? Napisz do&nbsp;nas, a&nbsp;dopasujemy najlepsze rozwi\u0105zanie.<\/span>[\/vc_column_text][vc_empty_space height=&#8221;15px&#8221;]\n<div class=\"wpcf7 no-js\" id=\"wpcf7-f1454-p1508-o1\" lang=\"pl-PL\" dir=\"ltr\" data-wpcf7-id=\"1454\">\n<div class=\"screen-reader-response\"><p role=\"status\" aria-live=\"polite\" aria-atomic=\"true\"><\/p> <ul><\/ul><\/div>\n<form action=\"\/pl\/wp-json\/wp\/v2\/posts\/25653#wpcf7-f1454-p1508-o1\" method=\"post\" class=\"wpcf7-form init\" aria-label=\"Formularz kontaktowy\" novalidate=\"novalidate\" data-status=\"init\">\n<fieldset class=\"hidden-fields-container\"><input type=\"hidden\" name=\"_wpcf7\" value=\"1454\" \/><input type=\"hidden\" name=\"_wpcf7_version\" value=\"6.1.5\" \/><input type=\"hidden\" name=\"_wpcf7_locale\" value=\"pl_PL\" \/><input type=\"hidden\" name=\"_wpcf7_unit_tag\" value=\"wpcf7-f1454-p1508-o1\" \/><input type=\"hidden\" name=\"_wpcf7_container_post\" value=\"1508\" \/><input type=\"hidden\" name=\"_wpcf7_posted_data_hash\" value=\"\" \/><input type=\"hidden\" name=\"_wpcf7_recaptcha_response\" value=\"\" \/>\n<\/fieldset>\n<div>\n\t<p><span class=\"wpcf7-form-control-wrap\" data-name=\"your-tel\"><input size=\"40\" maxlength=\"400\" class=\"wpcf7-form-control wpcf7-tel wpcf7-validates-as-required wpcf7-text wpcf7-validates-as-tel\" autocomplete=\"off\" aria-required=\"true\" aria-invalid=\"false\" placeholder=\"Numer telefonu\" value=\"\" type=\"tel\" name=\"your-tel\" \/><\/span>\n\t<\/p>\n<\/div>\n<div>\n\t<p><span class=\"wpcf7-form-control-wrap\" data-name=\"your-email\"><input size=\"40\" maxlength=\"400\" class=\"wpcf7-form-control wpcf7-email wpcf7-validates-as-required wpcf7-text wpcf7-validates-as-email\" autocomplete=\"off\" aria-required=\"true\" aria-invalid=\"false\" placeholder=\"Firmowy adres e-mail\" value=\"\" type=\"email\" name=\"your-email\" \/><\/span>\n\t<\/p>\n<\/div>\n<div>\n\t<p><span class=\"wpcf7-form-control-wrap\" data-name=\"your-subject\"><textarea cols=\"40\" rows=\"10\" maxlength=\"2000\" class=\"wpcf7-form-control wpcf7-textarea wpcf7-validates-as-required\" autocomplete=\"off\" aria-required=\"true\" aria-invalid=\"false\" placeholder=\"Temat rozmowy\" name=\"your-subject\"><\/textarea><\/span>\n\t<\/p>\n<\/div>\n<div>\n\t<p><span class=\"wpcf7-form-control-wrap\" data-name=\"acceptance-1\"><span class=\"wpcf7-form-control wpcf7-acceptance\"><span class=\"wpcf7-list-item\"><label><input type=\"checkbox\" name=\"acceptance-1\" value=\"1\" aria-invalid=\"false\" \/><span class=\"wpcf7-list-item-label\">Wyra\u017casz zgod\u0119 na kontakt telefoniczny w celu obs\u0142ugi niniejszego zg\u0142oszenia. Wyra\u017casz zgod\u0119 na otrzymywanie informacji handlowych \u015brodkami komunikacji elektronicznej wysy\u0142anymi przez www.ettagoglobal.com oraz na wykorzystanie komunikacji email w celach marketingowych <a href=\"https:\/\/ettagoglobal.com\/pl\/polityka-prywatnosci\/\" target=\"_blank\">(Polityka Prywatno\u015bci)<\/a>.<\/span><\/label><\/span><\/span><\/span>\n\t<\/p>\n<\/div>\n<div>\n\t<p><input class=\"wpcf7-form-control wpcf7-submit has-spinner\" type=\"submit\" value=\"Wy\u015blij\" \/>\n\t<\/p>\n<\/div>\n<div style=\"display:none;\">\n\t<p><span class=\"wpcf7-form-control-wrap\" data-name=\"page-url\"><input size=\"40\" maxlength=\"400\" class=\"wpcf7-form-control wpcf7-text\" aria-invalid=\"false\" value=\"https:\/\/www.ettagoglobal.com\/pl\/wp-json\/wp\/v2\/posts\/25653\" type=\"text\" name=\"page-url\" \/><\/span>\n\t<\/p>\n<\/div><div class=\"wpcf7-response-output\" aria-hidden=\"true\"><\/div>\n<\/form>\n<\/div>\n[vc_empty_space height=&#8221;30px&#8221;][\/vc_column][\/vc_row][vc_row][vc_column][vc_empty_space height=&#8221;60px&#8221;][\/vc_column][\/vc_row]<\/p>\n<\/div>\n","protected":false},"excerpt":{"rendered":"<p>Globalna firma technologiczna zdecydowa\u0142a si\u0119 przenie\u015b\u0107 procesy finansowe z&nbsp;Niemiec do&nbsp;centrum SSC w&nbsp;Polsce. W&nbsp;trakcie procesu tranzycji pojawi\u0142y si\u0119 wyzwania w&nbsp;zakresie niemiecko-polskiej &hellip; <\/p>\n","protected":false},"author":5,"featured_media":25657,"comment_status":"closed","ping_status":"closed","sticky":false,"template":"","format":"standard","meta":{"_acf_changed":false,"footnotes":"","_links_to":"","_links_to_target":""},"categories":[1],"tags":[],"class_list":["post-25653","post","type-post","status-publish","format-standard","has-post-thumbnail","hentry","category-case-study"],"acf":[],"yoast_head":"<!-- This site is optimized with the Yoast SEO plugin v27.3 - https:\/\/yoast.com\/product\/yoast-seo-wordpress\/ -->\n<title>Polsko-niemiecka wsp\u00f3\u0142praca i komunikacja - ETTA<\/title>\n<meta name=\"description\" content=\"Jak sprawi\u0107 aby wsp\u00f3\u0142praca i komunikacja z Niemcami by\u0142a przyjemno\u015bci\u0105 dla polskiego zespo\u0142u? Poprzez szkolenie mi\u0119dzykulturowe!\" \/>\n<meta name=\"robots\" content=\"index, follow, max-snippet:-1, max-image-preview:large, max-video-preview:-1\" \/>\n<link rel=\"canonical\" href=\"https:\/\/ettagoglobal.com\/pl\/wspolpraca-i-komunikacja-z-niemcami\/\" \/>\n<meta property=\"og:locale\" content=\"pl_PL\" \/>\n<meta property=\"og:type\" content=\"article\" \/>\n<meta property=\"og:title\" content=\"Polsko-niemiecka wsp\u00f3\u0142praca i komunikacja - ETTA\" \/>\n<meta property=\"og:description\" content=\"Jak sprawi\u0107 aby wsp\u00f3\u0142praca i komunikacja z Niemcami by\u0142a przyjemno\u015bci\u0105 dla polskiego zespo\u0142u? Poprzez szkolenie mi\u0119dzykulturowe!\" \/>\n<meta property=\"og:url\" content=\"https:\/\/ettagoglobal.com\/pl\/wspolpraca-i-komunikacja-z-niemcami\/\" \/>\n<meta property=\"og:site_name\" content=\"ETTA\" \/>\n<meta property=\"article:published_time\" content=\"2022-07-07T09:50:30+00:00\" \/>\n<meta property=\"article:modified_time\" content=\"2022-07-08T11:17:50+00:00\" \/>\n<meta property=\"og:image\" content=\"https:\/\/ettagoglobal.com\/wp-content\/uploads\/2022\/07\/Tra.png\" \/>\n\t<meta property=\"og:image:width\" content=\"1024\" \/>\n\t<meta property=\"og:image:height\" content=\"768\" \/>\n\t<meta property=\"og:image:type\" content=\"image\/png\" \/>\n<meta name=\"author\" content=\"Sylwia\" \/>\n<meta name=\"twitter:card\" content=\"summary_large_image\" \/>\n<meta name=\"twitter:label1\" content=\"Napisane przez\" \/>\n\t<meta name=\"twitter:data1\" content=\"Sylwia\" \/>\n\t<meta name=\"twitter:label2\" content=\"Szacowany czas czytania\" \/>\n\t<meta name=\"twitter:data2\" content=\"3 minuty\" \/>\n<script type=\"application\/ld+json\" class=\"yoast-schema-graph\">{\"@context\":\"https:\\\/\\\/schema.org\",\"@graph\":[{\"@type\":\"Article\",\"@id\":\"https:\\\/\\\/ettagoglobal.com\\\/pl\\\/wspolpraca-i-komunikacja-z-niemcami\\\/#article\",\"isPartOf\":{\"@id\":\"https:\\\/\\\/ettagoglobal.com\\\/pl\\\/wspolpraca-i-komunikacja-z-niemcami\\\/\"},\"author\":{\"name\":\"Sylwia\",\"@id\":\"https:\\\/\\\/ettagoglobal.com\\\/#\\\/schema\\\/person\\\/1e8ee424bd9e3659142fcea27819ec83\"},\"headline\":\"Polsko-niemiecka wsp\u00f3\u0142praca i komunikacja\",\"datePublished\":\"2022-07-07T09:50:30+00:00\",\"dateModified\":\"2022-07-08T11:17:50+00:00\",\"mainEntityOfPage\":{\"@id\":\"https:\\\/\\\/ettagoglobal.com\\\/pl\\\/wspolpraca-i-komunikacja-z-niemcami\\\/\"},\"wordCount\":565,\"image\":{\"@id\":\"https:\\\/\\\/ettagoglobal.com\\\/pl\\\/wspolpraca-i-komunikacja-z-niemcami\\\/#primaryimage\"},\"thumbnailUrl\":\"https:\\\/\\\/ettagoglobal.com\\\/wp-content\\\/uploads\\\/2022\\\/07\\\/Tra.png\",\"articleSection\":[\"Case study\"],\"inLanguage\":\"pl-PL\"},{\"@type\":\"WebPage\",\"@id\":\"https:\\\/\\\/ettagoglobal.com\\\/pl\\\/wspolpraca-i-komunikacja-z-niemcami\\\/\",\"url\":\"https:\\\/\\\/ettagoglobal.com\\\/pl\\\/wspolpraca-i-komunikacja-z-niemcami\\\/\",\"name\":\"Polsko-niemiecka wsp\u00f3\u0142praca i komunikacja - ETTA\",\"isPartOf\":{\"@id\":\"https:\\\/\\\/ettagoglobal.com\\\/#website\"},\"primaryImageOfPage\":{\"@id\":\"https:\\\/\\\/ettagoglobal.com\\\/pl\\\/wspolpraca-i-komunikacja-z-niemcami\\\/#primaryimage\"},\"image\":{\"@id\":\"https:\\\/\\\/ettagoglobal.com\\\/pl\\\/wspolpraca-i-komunikacja-z-niemcami\\\/#primaryimage\"},\"thumbnailUrl\":\"https:\\\/\\\/ettagoglobal.com\\\/wp-content\\\/uploads\\\/2022\\\/07\\\/Tra.png\",\"datePublished\":\"2022-07-07T09:50:30+00:00\",\"dateModified\":\"2022-07-08T11:17:50+00:00\",\"author\":{\"@id\":\"https:\\\/\\\/ettagoglobal.com\\\/#\\\/schema\\\/person\\\/1e8ee424bd9e3659142fcea27819ec83\"},\"description\":\"Jak sprawi\u0107 aby wsp\u00f3\u0142praca i komunikacja z Niemcami by\u0142a przyjemno\u015bci\u0105 dla polskiego zespo\u0142u? Poprzez szkolenie mi\u0119dzykulturowe!\",\"breadcrumb\":{\"@id\":\"https:\\\/\\\/ettagoglobal.com\\\/pl\\\/wspolpraca-i-komunikacja-z-niemcami\\\/#breadcrumb\"},\"inLanguage\":\"pl-PL\",\"potentialAction\":[{\"@type\":\"ReadAction\",\"target\":[\"https:\\\/\\\/ettagoglobal.com\\\/pl\\\/wspolpraca-i-komunikacja-z-niemcami\\\/\"]}]},{\"@type\":\"ImageObject\",\"inLanguage\":\"pl-PL\",\"@id\":\"https:\\\/\\\/ettagoglobal.com\\\/pl\\\/wspolpraca-i-komunikacja-z-niemcami\\\/#primaryimage\",\"url\":\"https:\\\/\\\/ettagoglobal.com\\\/wp-content\\\/uploads\\\/2022\\\/07\\\/Tra.png\",\"contentUrl\":\"https:\\\/\\\/ettagoglobal.com\\\/wp-content\\\/uploads\\\/2022\\\/07\\\/Tra.png\",\"width\":1024,\"height\":768,\"caption\":\"wsp\u00f3\u0142praca i komunikacja z Niemcami szkolenie\"},{\"@type\":\"BreadcrumbList\",\"@id\":\"https:\\\/\\\/ettagoglobal.com\\\/pl\\\/wspolpraca-i-komunikacja-z-niemcami\\\/#breadcrumb\",\"itemListElement\":[{\"@type\":\"ListItem\",\"position\":1,\"name\":\"Strona g\u0142\u00f3wna\",\"item\":\"https:\\\/\\\/ettagoglobal.com\\\/pl\\\/home-2\\\/\"},{\"@type\":\"ListItem\",\"position\":2,\"name\":\"Polsko-niemiecka wsp\u00f3\u0142praca i komunikacja\"}]},{\"@type\":\"WebSite\",\"@id\":\"https:\\\/\\\/ettagoglobal.com\\\/#website\",\"url\":\"https:\\\/\\\/ettagoglobal.com\\\/\",\"name\":\"ETTA\",\"description\":\"Global Connections. Let&#039;s do it bETTA!\",\"potentialAction\":[{\"@type\":\"SearchAction\",\"target\":{\"@type\":\"EntryPoint\",\"urlTemplate\":\"https:\\\/\\\/ettagoglobal.com\\\/?s={search_term_string}\"},\"query-input\":{\"@type\":\"PropertyValueSpecification\",\"valueRequired\":true,\"valueName\":\"search_term_string\"}}],\"inLanguage\":\"pl-PL\"},{\"@type\":\"Person\",\"@id\":\"https:\\\/\\\/ettagoglobal.com\\\/#\\\/schema\\\/person\\\/1e8ee424bd9e3659142fcea27819ec83\",\"name\":\"Sylwia\",\"url\":\"https:\\\/\\\/ettagoglobal.com\\\/pl\\\/author\\\/sylwia\\\/\"}]}<\/script>\n<!-- \/ Yoast SEO plugin. -->","yoast_head_json":{"title":"Polsko-niemiecka wsp\u00f3\u0142praca i komunikacja - ETTA","description":"Jak sprawi\u0107 aby wsp\u00f3\u0142praca i komunikacja z Niemcami by\u0142a przyjemno\u015bci\u0105 dla polskiego zespo\u0142u? Poprzez szkolenie mi\u0119dzykulturowe!","robots":{"index":"index","follow":"follow","max-snippet":"max-snippet:-1","max-image-preview":"max-image-preview:large","max-video-preview":"max-video-preview:-1"},"canonical":"https:\/\/ettagoglobal.com\/pl\/wspolpraca-i-komunikacja-z-niemcami\/","og_locale":"pl_PL","og_type":"article","og_title":"Polsko-niemiecka wsp\u00f3\u0142praca i komunikacja - ETTA","og_description":"Jak sprawi\u0107 aby wsp\u00f3\u0142praca i komunikacja z Niemcami by\u0142a przyjemno\u015bci\u0105 dla polskiego zespo\u0142u? Poprzez szkolenie mi\u0119dzykulturowe!","og_url":"https:\/\/ettagoglobal.com\/pl\/wspolpraca-i-komunikacja-z-niemcami\/","og_site_name":"ETTA","article_published_time":"2022-07-07T09:50:30+00:00","article_modified_time":"2022-07-08T11:17:50+00:00","og_image":[{"width":1024,"height":768,"url":"https:\/\/ettagoglobal.com\/wp-content\/uploads\/2022\/07\/Tra.png","type":"image\/png"}],"author":"Sylwia","twitter_card":"summary_large_image","twitter_misc":{"Napisane przez":"Sylwia","Szacowany czas czytania":"3 minuty"},"schema":{"@context":"https:\/\/schema.org","@graph":[{"@type":"Article","@id":"https:\/\/ettagoglobal.com\/pl\/wspolpraca-i-komunikacja-z-niemcami\/#article","isPartOf":{"@id":"https:\/\/ettagoglobal.com\/pl\/wspolpraca-i-komunikacja-z-niemcami\/"},"author":{"name":"Sylwia","@id":"https:\/\/ettagoglobal.com\/#\/schema\/person\/1e8ee424bd9e3659142fcea27819ec83"},"headline":"Polsko-niemiecka wsp\u00f3\u0142praca i komunikacja","datePublished":"2022-07-07T09:50:30+00:00","dateModified":"2022-07-08T11:17:50+00:00","mainEntityOfPage":{"@id":"https:\/\/ettagoglobal.com\/pl\/wspolpraca-i-komunikacja-z-niemcami\/"},"wordCount":565,"image":{"@id":"https:\/\/ettagoglobal.com\/pl\/wspolpraca-i-komunikacja-z-niemcami\/#primaryimage"},"thumbnailUrl":"https:\/\/ettagoglobal.com\/wp-content\/uploads\/2022\/07\/Tra.png","articleSection":["Case study"],"inLanguage":"pl-PL"},{"@type":"WebPage","@id":"https:\/\/ettagoglobal.com\/pl\/wspolpraca-i-komunikacja-z-niemcami\/","url":"https:\/\/ettagoglobal.com\/pl\/wspolpraca-i-komunikacja-z-niemcami\/","name":"Polsko-niemiecka wsp\u00f3\u0142praca i komunikacja - ETTA","isPartOf":{"@id":"https:\/\/ettagoglobal.com\/#website"},"primaryImageOfPage":{"@id":"https:\/\/ettagoglobal.com\/pl\/wspolpraca-i-komunikacja-z-niemcami\/#primaryimage"},"image":{"@id":"https:\/\/ettagoglobal.com\/pl\/wspolpraca-i-komunikacja-z-niemcami\/#primaryimage"},"thumbnailUrl":"https:\/\/ettagoglobal.com\/wp-content\/uploads\/2022\/07\/Tra.png","datePublished":"2022-07-07T09:50:30+00:00","dateModified":"2022-07-08T11:17:50+00:00","author":{"@id":"https:\/\/ettagoglobal.com\/#\/schema\/person\/1e8ee424bd9e3659142fcea27819ec83"},"description":"Jak sprawi\u0107 aby wsp\u00f3\u0142praca i komunikacja z Niemcami by\u0142a przyjemno\u015bci\u0105 dla polskiego zespo\u0142u? Poprzez szkolenie mi\u0119dzykulturowe!","breadcrumb":{"@id":"https:\/\/ettagoglobal.com\/pl\/wspolpraca-i-komunikacja-z-niemcami\/#breadcrumb"},"inLanguage":"pl-PL","potentialAction":[{"@type":"ReadAction","target":["https:\/\/ettagoglobal.com\/pl\/wspolpraca-i-komunikacja-z-niemcami\/"]}]},{"@type":"ImageObject","inLanguage":"pl-PL","@id":"https:\/\/ettagoglobal.com\/pl\/wspolpraca-i-komunikacja-z-niemcami\/#primaryimage","url":"https:\/\/ettagoglobal.com\/wp-content\/uploads\/2022\/07\/Tra.png","contentUrl":"https:\/\/ettagoglobal.com\/wp-content\/uploads\/2022\/07\/Tra.png","width":1024,"height":768,"caption":"wsp\u00f3\u0142praca i komunikacja z Niemcami szkolenie"},{"@type":"BreadcrumbList","@id":"https:\/\/ettagoglobal.com\/pl\/wspolpraca-i-komunikacja-z-niemcami\/#breadcrumb","itemListElement":[{"@type":"ListItem","position":1,"name":"Strona g\u0142\u00f3wna","item":"https:\/\/ettagoglobal.com\/pl\/home-2\/"},{"@type":"ListItem","position":2,"name":"Polsko-niemiecka wsp\u00f3\u0142praca i komunikacja"}]},{"@type":"WebSite","@id":"https:\/\/ettagoglobal.com\/#website","url":"https:\/\/ettagoglobal.com\/","name":"ETTA","description":"Global Connections. Let&#039;s do it bETTA!","potentialAction":[{"@type":"SearchAction","target":{"@type":"EntryPoint","urlTemplate":"https:\/\/ettagoglobal.com\/?s={search_term_string}"},"query-input":{"@type":"PropertyValueSpecification","valueRequired":true,"valueName":"search_term_string"}}],"inLanguage":"pl-PL"},{"@type":"Person","@id":"https:\/\/ettagoglobal.com\/#\/schema\/person\/1e8ee424bd9e3659142fcea27819ec83","name":"Sylwia","url":"https:\/\/ettagoglobal.com\/pl\/author\/sylwia\/"}]}},"_links":{"self":[{"href":"https:\/\/ettagoglobal.com\/pl\/wp-json\/wp\/v2\/posts\/25653","targetHints":{"allow":["GET"]}}],"collection":[{"href":"https:\/\/ettagoglobal.com\/pl\/wp-json\/wp\/v2\/posts"}],"about":[{"href":"https:\/\/ettagoglobal.com\/pl\/wp-json\/wp\/v2\/types\/post"}],"author":[{"embeddable":true,"href":"https:\/\/ettagoglobal.com\/pl\/wp-json\/wp\/v2\/users\/5"}],"replies":[{"embeddable":true,"href":"https:\/\/ettagoglobal.com\/pl\/wp-json\/wp\/v2\/comments?post=25653"}],"version-history":[{"count":0,"href":"https:\/\/ettagoglobal.com\/pl\/wp-json\/wp\/v2\/posts\/25653\/revisions"}],"wp:featuredmedia":[{"embeddable":true,"href":"https:\/\/ettagoglobal.com\/pl\/wp-json\/wp\/v2\/media\/25657"}],"wp:attachment":[{"href":"https:\/\/ettagoglobal.com\/pl\/wp-json\/wp\/v2\/media?parent=25653"}],"wp:term":[{"taxonomy":"category","embeddable":true,"href":"https:\/\/ettagoglobal.com\/pl\/wp-json\/wp\/v2\/categories?post=25653"},{"taxonomy":"post_tag","embeddable":true,"href":"https:\/\/ettagoglobal.com\/pl\/wp-json\/wp\/v2\/tags?post=25653"}],"curies":[{"name":"wp","href":"https:\/\/api.w.org\/{rel}","templated":true}]}}