{"id":20543,"date":"2012-05-21T12:41:29","date_gmt":"2012-05-21T12:41:29","guid":{"rendered":"http:\/\/ettaconsult.eu\/?p=20543"},"modified":"2012-05-21T12:41:29","modified_gmt":"2012-05-21T12:41:29","slug":"seminarium-zarzadzanie-miedzypokoleniowe-relacja-z-wydarzenia","status":"publish","type":"post","link":"https:\/\/ettagoglobal.com\/pl\/seminarium-zarzadzanie-miedzypokoleniowe-relacja-z-wydarzenia\/","title":{"rendered":"Seminarium \u201eZarz\u0105dzanie mi\u0119dzypokoleniowe\u201d \u2013 relacja z wydarzenia"},"content":{"rendered":"<p><img decoding=\"async\" class=\"alignleft size-full wp-image-20549\" src=\"http:\/\/ettaconsult.eu\/wp-content\/uploads\/2017\/05\/zmpk.png\" alt=\"\" width=\"132\" height=\"141\" \/>Zapraszamy do&nbsp;zapoznania si\u0119 z&nbsp;relacj\u0105 z&nbsp;<strong>seminarium \u201eZarz\u0105dzanie mi\u0119dzypokoleniowe. Jak i&nbsp;po co zarz\u0105dza\u0107 r\u00f3\u017cnorodno\u015bci\u0105 wiekow\u0105 w&nbsp;firmie?\u201d<\/strong>, kt\u00f3re <strong>ETTA Doradztwo i&nbsp;Treningi dla&nbsp;Biznesu<\/strong>\u00a0organizowa\u0142o wsp\u00f3lnie z&nbsp;<strong>Dolno\u015bl\u0105sk\u0105 Izb\u0105 Gospodarcz\u0105<\/strong>, w&nbsp;dniu 15 maja 2012 roku we Wroc\u0142awiu.<\/p>\n<p><strong><em>Potrzeby zarz\u0105dzania r\u00f3\u017cnorodno\u015bci\u0105 w\u015br\u00f3d firm sektora M\u015aP na&nbsp;Dolnym \u015al\u0105sku,<\/em><\/strong><strong>\u00a0Iwona Wielgo, DIG<\/strong><\/p>\n<p><img decoding=\"async\" class=\"alignnone size-full wp-image-20544 aligncenter\" src=\"http:\/\/ettaconsult.eu\/wp-content\/uploads\/2017\/05\/1-iwona-wielgo-dig1-300x225.jpg\" alt=\"\" width=\"300\" height=\"225\" \/><\/p>\n<p>Iwona Wielgo z&nbsp;Dolno\u015bl\u0105skiej Izby Gospodarczej wprowadza uczestnik\u00f3w do&nbsp;tematyki zarz\u0105dzania r\u00f3\u017cnorodno\u015bci\u0105 z&nbsp;\u00a0perspektywy firm sektora M\u015aP na&nbsp;Dolnym \u015al\u0105sku.<\/p>\n<p><strong><em>Wyzwania wsp\u00f3\u0142czesnych pracodawc\u00f3w w&nbsp;perspektywie efektywnego zarz\u0105dzania r\u00f3\u017cnorodno\u015bci\u0105 wiekow\u0105 w&nbsp;firmie<\/em><\/strong><strong>,\u00a0 Monika Chutnik, ETTA<\/strong><\/p>\n<p><img decoding=\"async\" class=\"alignnone size-full wp-image-20545 aligncenter\" src=\"http:\/\/ettaconsult.eu\/wp-content\/uploads\/2017\/05\/2-monika-chutnik-etta-300x225.jpg\" alt=\"\" width=\"300\" height=\"225\" \/><\/p>\n<p>Monika Chutnik z&nbsp;ETTA podczas interaktywnej prezentacji przedstawia wyzwania wsp\u00f3\u0142czesnych pracodawc\u00f3w w&nbsp;obliczu skutecznego zarz\u0105dzania r\u00f3\u017cnorodno\u015bci\u0105 wiekow\u0105 w&nbsp;firmie. Ekspertka zaprezentowa\u0142a trendy demograficzne i&nbsp;spo\u0142eczne, a&nbsp;tak\u017ce opowiedzia\u0142a o&nbsp;specyfice pracy z&nbsp;osobami z&nbsp;r\u00f3\u017cnych generacji w&nbsp;jednym przedsi\u0119biorstwie , przedstawia ich r\u00f3\u017cnorodne style pracy, oczekiwania i&nbsp;potrzeby. Uczestnik\u00f3w bardzo zaciekawi\u0142 filmik, kt\u00f3ry podejmowa\u0142 kwesti\u0119 przysz\u0142ego miejsca pracy \u2013 okaza\u0142o si\u0119, \u017ce&nbsp;b\u0119dzie ona wirtualne oraz&nbsp;kompetencji\u00a0 jakie w&nbsp;przysz\u0142o\u015bci b\u0119d\u0105 wymagane od pracownik\u00f3w. Uczestnicy s\u0142uchali prezentacji z&nbsp;du\u017c\u0105 uwag\u0105, gdy\u017c na&nbsp;poszczeg\u00f3lnych slajdach by\u0142y zawarte odpowiedzi na&nbsp;has\u0142a w&nbsp;krzy\u017c\u00f3wce konkursowej.<\/p>\n<p><strong><em>Dobre praktyki zarz\u0105dzania mi\u0119dzypokoleniowego w&nbsp;organizacji, \u00a0 \u00a0 \u00a0 \u00a0 \u00a0 \u00a0 \u00a0<\/em><\/strong><strong>Tadeusz Reimus, ETTA<\/strong><\/p>\n<p style=\"text-align: center;\"><img decoding=\"async\" class=\"alignnone size-full wp-image-20546\" src=\"http:\/\/ettaconsult.eu\/wp-content\/uploads\/2017\/05\/3-tade-reimus-etta-300x225.jpg\" alt=\"\" width=\"300\" height=\"225\" \/><\/p>\n<p>Tadeusz Reimus z&nbsp;ETTA przedstawi\u0142 dobre praktyki zarz\u0105dzania mi\u0119dzypokoleniowego w&nbsp;firmach. Ekspert podzieli\u0142 si\u0119 do\u015bwiadczeniami z&nbsp;wdro\u017ce\u0144 z&nbsp;zakresu rozwi\u0105za\u0144 zarz\u0105dzania wiekiem. Opowiada o&nbsp;tym co naprawd\u0119 sprawdza si\u0119 w&nbsp;wi\u0119kszych i&nbsp;mniejszych firmach.<\/p>\n<p>W&nbsp;drugiej cz\u0119\u015bci seminarium odby\u0142 si\u0119 panel dyskusyjny \u201e<strong>Szanse, wyzwania i&nbsp;korzy\u015bci zarz\u0105dzania r\u00f3\u017cnorodno\u015bci\u0105 wiekow\u0105 w&nbsp;firmie<\/strong>\u201d. W&nbsp;tej cz\u0119\u015bci eksperci i&nbsp;uczestnicy dyskutowali na&nbsp;temat ich praktycznych do\u015bwiadcze\u0144, obaw w&nbsp;obszarze zarz\u0105dzania r\u00f3\u017cnorodno\u015bci\u0105 mi\u0119dzypokoleniow\u0105, a&nbsp;tak\u017ce praktycznych mo\u017cliwo\u015bci wdro\u017cenia r\u00f3\u017cnorodno\u015bci wiekowej w&nbsp;firmach.<\/p>\n<p>Ekspertka\u00a0<strong>Marta Galewska<\/strong>\u00a0z Agencji Rozwoju Innowacji SA dzieli\u0142a si\u0119 do\u015bwiadczeniem z&nbsp;projekt\u00f3w\u00a0<em>Zainwestuj w&nbsp;r\u00f3\u017cnorodno\u015b\u0107<\/em>\u00a0i\u00a0<em>Diversity Index<\/em>.<\/p>\n<p><img decoding=\"async\" class=\"alignnone size-full wp-image-20547 aligncenter\" src=\"http:\/\/ettaconsult.eu\/wp-content\/uploads\/2017\/05\/4-marta-galewska-ari-300x225.jpg\" alt=\"\" width=\"300\" height=\"225\" \/><\/p>\n<p>Piotr Pluta z&nbsp;Human Factors z&nbsp;Oslo podzieli\u0142 si\u0119 swoimi do\u015bwiadczeniami i&nbsp;dobrymi praktykami zarz\u0105dzania r\u00f3\u017cnorodno\u015bci\u0105 wiekow\u0105 w&nbsp;Norwegii \u2013 szczeg\u00f3ln\u0105 uwag\u0119 zwr\u00f3ci\u0142 na&nbsp;praktyczne stosowanie elastycznych form zatrudnienia pracownik\u00f3w.<\/p>\n<p style=\"text-align: center;\"><img decoding=\"async\" class=\"alignnone size-full wp-image-20548\" src=\"http:\/\/ettaconsult.eu\/wp-content\/uploads\/2017\/05\/5-piotr-pluta-human-factors-300x225.jpg\" alt=\"\" width=\"300\" height=\"225\" \/><\/p>\n<p>Na&nbsp;zako\u0144czenie spotkania uczestnicy wzi\u0119li udzia\u0142 w&nbsp;p\u00f3\u0142toragodzinnym praktycznym <strong>warsztacie Diversity Icebreaker\u00ae<\/strong>\u00a0\u2013 pochodz\u0105ce ze Skandynawii narz\u0119dzie o&nbsp;szerokim zastosowaniu w&nbsp;rozwijaniu komunikacji w&nbsp;\u00a0r\u00f3\u017cnorodnych grupach, m.in. \u015bwietnie nadaje si\u0119 do&nbsp;inicjowania pracy w&nbsp;nowych zespo\u0142ach. Relacja z&nbsp;warsztatu dost\u0119pna tu.<\/p>\n<p>Serdecznie dzi\u0119kujemy uczestnikom za&nbsp;liczny udzia\u0142 w&nbsp;wydarzeniu i&nbsp;szczere zainteresowanie tematem. Mamy nadziej\u0119, \u017ce&nbsp;zdobyta wiedza zainspirowa\u0142a Was do&nbsp;poszukiwania i&nbsp;wdra\u017cania ciekawych rozwi\u0105za\u0144 w&nbsp;zakresie tworzenia przyjaznego miejsca pracy dla&nbsp;pracownik\u00f3w reprezentuj\u0105cych r\u00f3\u017cne generacje.<\/p>\n<p>Patroni medialni: Personel Plus, Treco, QBusiness, <span class=\"skimlinks-unlinked\">tuWroclaw.com<\/span><\/p>\n<p>Organizatorzy:\u00a0<a href=\"http:\/\/ettaconsult.pl\/blog\/page\/11\/www.dig.wroc.pl,\">Dolno\u015bl\u0105ska Izba Gospodarcza<\/a>\u00a0\u00a0i\u00a0<a href=\"http:\/\/ettaconsult.pl\/blog\/page\/11\/www.ettaconsult.pl\">\u00a0ETTA Doradztwo i&nbsp;Treningi dla&nbsp;Biznesu\u00a0<\/a><\/p>\n","protected":false},"excerpt":{"rendered":"<p>Zapraszamy do&nbsp;zapoznania si\u0119 z&nbsp;relacj\u0105 z&nbsp;seminarium \u201eZarz\u0105dzanie mi\u0119dzypokoleniowe. Jak i&nbsp;po co zarz\u0105dza\u0107 r\u00f3\u017cnorodno\u015bci\u0105 wiekow\u0105 w&nbsp;firmie?\u201d, kt\u00f3re ETTA Doradztwo i&nbsp;Treningi dla&nbsp;Biznesu\u00a0organizowa\u0142o wsp\u00f3lnie &hellip; <\/p>\n","protected":false},"author":1,"featured_media":20544,"comment_status":"open","ping_status":"open","sticky":false,"template":"","format":"standard","meta":{"_acf_changed":false,"footnotes":"","_links_to":"","_links_to_target":""},"categories":[1],"tags":[84,64,65,75,112,90,91,59,93],"class_list":["post-20543","post","type-post","status-publish","format-standard","has-post-thumbnail","hentry","category-case-study","tag-diversity-icebreaker","tag-etta-doradztwo-i-treningi-dla-biznesu","tag-miedzykulturowosc","tag-monika-chutnik","tag-msp","tag-personel-plus","tag-tadeusz-reimus","tag-zarzadzanie-roznorodnoscia","tag-zarzadzanie-roznorodnoscia-wiekowa"],"acf":[],"yoast_head":"<!-- This site is optimized with the Yoast SEO plugin v27.3 - https:\/\/yoast.com\/product\/yoast-seo-wordpress\/ -->\n<title>Seminarium \u201eZarz\u0105dzanie mi\u0119dzypokoleniowe\u201d \u2013 relacja z wydarzenia - ETTA<\/title>\n<meta name=\"robots\" content=\"index, follow, max-snippet:-1, max-image-preview:large, max-video-preview:-1\" \/>\n<link rel=\"canonical\" href=\"https:\/\/ettagoglobal.com\/pl\/seminarium-zarzadzanie-miedzypokoleniowe-relacja-z-wydarzenia\/\" \/>\n<meta property=\"og:locale\" content=\"pl_PL\" \/>\n<meta property=\"og:type\" content=\"article\" \/>\n<meta property=\"og:title\" content=\"Seminarium \u201eZarz\u0105dzanie mi\u0119dzypokoleniowe\u201d \u2013 relacja z wydarzenia - ETTA\" \/>\n<meta property=\"og:description\" content=\"Zapraszamy do&nbsp;zapoznania si\u0119 z&nbsp;relacj\u0105 z&nbsp;seminarium \u201eZarz\u0105dzanie mi\u0119dzypokoleniowe. Jak i&nbsp;po co zarz\u0105dza\u0107 r\u00f3\u017cnorodno\u015bci\u0105 wiekow\u0105 w&nbsp;firmie?\u201d, kt\u00f3re ETTA Doradztwo i&nbsp;Treningi dla&nbsp;Biznesu\u00a0organizowa\u0142o wsp\u00f3lnie &hellip;\" \/>\n<meta property=\"og:url\" content=\"https:\/\/ettagoglobal.com\/pl\/seminarium-zarzadzanie-miedzypokoleniowe-relacja-z-wydarzenia\/\" \/>\n<meta property=\"og:site_name\" content=\"ETTA\" \/>\n<meta property=\"article:published_time\" content=\"2012-05-21T12:41:29+00:00\" \/>\n<meta property=\"og:image\" content=\"https:\/\/ettagoglobal.com\/wp-content\/uploads\/2022\/02\/etta_logo_retina-1.png\" \/>\n\t<meta property=\"og:image:width\" content=\"410\" \/>\n\t<meta property=\"og:image:height\" content=\"150\" \/>\n\t<meta property=\"og:image:type\" content=\"image\/png\" \/>\n<meta name=\"author\" content=\"admin\" \/>\n<meta name=\"twitter:card\" content=\"summary_large_image\" \/>\n<meta name=\"twitter:label1\" content=\"Napisane przez\" \/>\n\t<meta name=\"twitter:data1\" content=\"admin\" \/>\n\t<meta name=\"twitter:label2\" content=\"Szacowany czas czytania\" \/>\n\t<meta name=\"twitter:data2\" content=\"3 minuty\" \/>\n<script type=\"application\/ld+json\" class=\"yoast-schema-graph\">{\"@context\":\"https:\\\/\\\/schema.org\",\"@graph\":[{\"@type\":\"Article\",\"@id\":\"https:\\\/\\\/ettagoglobal.com\\\/pl\\\/seminarium-zarzadzanie-miedzypokoleniowe-relacja-z-wydarzenia\\\/#article\",\"isPartOf\":{\"@id\":\"https:\\\/\\\/ettagoglobal.com\\\/pl\\\/seminarium-zarzadzanie-miedzypokoleniowe-relacja-z-wydarzenia\\\/\"},\"author\":{\"name\":\"admin\",\"@id\":\"https:\\\/\\\/ettagoglobal.com\\\/#\\\/schema\\\/person\\\/0ec198e9f69d021b822ba3f380abaadd\"},\"headline\":\"Seminarium \u201eZarz\u0105dzanie mi\u0119dzypokoleniowe\u201d \u2013 relacja z wydarzenia\",\"datePublished\":\"2012-05-21T12:41:29+00:00\",\"mainEntityOfPage\":{\"@id\":\"https:\\\/\\\/ettagoglobal.com\\\/pl\\\/seminarium-zarzadzanie-miedzypokoleniowe-relacja-z-wydarzenia\\\/\"},\"wordCount\":525,\"commentCount\":0,\"image\":{\"@id\":\"https:\\\/\\\/ettagoglobal.com\\\/pl\\\/seminarium-zarzadzanie-miedzypokoleniowe-relacja-z-wydarzenia\\\/#primaryimage\"},\"thumbnailUrl\":\"\",\"keywords\":[\"diversity icebreaker\",\"etta Doradztwo i Treningi dla Biznesu\",\"mi\u0119dzykulturowo\u015b\u0107\",\"Monika Chutnik\",\"M\u015aP\",\"Personel Plus\",\"Tadeusz Reimus\",\"zarz\u0105dzanie r\u00f3\u017cnorodno\u015bci\u0105\",\"zarz\u0105dzanie r\u00f3\u017cnorodno\u015bci\u0105 wiekow\u0105\"],\"articleSection\":[\"Case study\"],\"inLanguage\":\"pl-PL\",\"potentialAction\":[{\"@type\":\"CommentAction\",\"name\":\"Comment\",\"target\":[\"https:\\\/\\\/ettagoglobal.com\\\/pl\\\/seminarium-zarzadzanie-miedzypokoleniowe-relacja-z-wydarzenia\\\/#respond\"]}]},{\"@type\":\"WebPage\",\"@id\":\"https:\\\/\\\/ettagoglobal.com\\\/pl\\\/seminarium-zarzadzanie-miedzypokoleniowe-relacja-z-wydarzenia\\\/\",\"url\":\"https:\\\/\\\/ettagoglobal.com\\\/pl\\\/seminarium-zarzadzanie-miedzypokoleniowe-relacja-z-wydarzenia\\\/\",\"name\":\"Seminarium \u201eZarz\u0105dzanie mi\u0119dzypokoleniowe\u201d \u2013 relacja z wydarzenia - ETTA\",\"isPartOf\":{\"@id\":\"https:\\\/\\\/ettagoglobal.com\\\/#website\"},\"primaryImageOfPage\":{\"@id\":\"https:\\\/\\\/ettagoglobal.com\\\/pl\\\/seminarium-zarzadzanie-miedzypokoleniowe-relacja-z-wydarzenia\\\/#primaryimage\"},\"image\":{\"@id\":\"https:\\\/\\\/ettagoglobal.com\\\/pl\\\/seminarium-zarzadzanie-miedzypokoleniowe-relacja-z-wydarzenia\\\/#primaryimage\"},\"thumbnailUrl\":\"\",\"datePublished\":\"2012-05-21T12:41:29+00:00\",\"author\":{\"@id\":\"https:\\\/\\\/ettagoglobal.com\\\/#\\\/schema\\\/person\\\/0ec198e9f69d021b822ba3f380abaadd\"},\"breadcrumb\":{\"@id\":\"https:\\\/\\\/ettagoglobal.com\\\/pl\\\/seminarium-zarzadzanie-miedzypokoleniowe-relacja-z-wydarzenia\\\/#breadcrumb\"},\"inLanguage\":\"pl-PL\",\"potentialAction\":[{\"@type\":\"ReadAction\",\"target\":[\"https:\\\/\\\/ettagoglobal.com\\\/pl\\\/seminarium-zarzadzanie-miedzypokoleniowe-relacja-z-wydarzenia\\\/\"]}]},{\"@type\":\"ImageObject\",\"inLanguage\":\"pl-PL\",\"@id\":\"https:\\\/\\\/ettagoglobal.com\\\/pl\\\/seminarium-zarzadzanie-miedzypokoleniowe-relacja-z-wydarzenia\\\/#primaryimage\",\"url\":\"\",\"contentUrl\":\"\"},{\"@type\":\"BreadcrumbList\",\"@id\":\"https:\\\/\\\/ettagoglobal.com\\\/pl\\\/seminarium-zarzadzanie-miedzypokoleniowe-relacja-z-wydarzenia\\\/#breadcrumb\",\"itemListElement\":[{\"@type\":\"ListItem\",\"position\":1,\"name\":\"Strona g\u0142\u00f3wna\",\"item\":\"https:\\\/\\\/ettagoglobal.com\\\/pl\\\/home-2\\\/\"},{\"@type\":\"ListItem\",\"position\":2,\"name\":\"Seminarium \u201eZarz\u0105dzanie mi\u0119dzypokoleniowe\u201d \u2013 relacja z wydarzenia\"}]},{\"@type\":\"WebSite\",\"@id\":\"https:\\\/\\\/ettagoglobal.com\\\/#website\",\"url\":\"https:\\\/\\\/ettagoglobal.com\\\/\",\"name\":\"ETTA\",\"description\":\"Global Connections. Let&#039;s do it bETTA!\",\"potentialAction\":[{\"@type\":\"SearchAction\",\"target\":{\"@type\":\"EntryPoint\",\"urlTemplate\":\"https:\\\/\\\/ettagoglobal.com\\\/?s={search_term_string}\"},\"query-input\":{\"@type\":\"PropertyValueSpecification\",\"valueRequired\":true,\"valueName\":\"search_term_string\"}}],\"inLanguage\":\"pl-PL\"},{\"@type\":\"Person\",\"@id\":\"https:\\\/\\\/ettagoglobal.com\\\/#\\\/schema\\\/person\\\/0ec198e9f69d021b822ba3f380abaadd\",\"name\":\"admin\",\"sameAs\":[\"https:\\\/\\\/etta.sellwise.cfolks.pl\"],\"url\":\"https:\\\/\\\/ettagoglobal.com\\\/pl\\\/author\\\/bcebrzyna\\\/\"}]}<\/script>\n<!-- \/ Yoast SEO plugin. -->","yoast_head_json":{"title":"Seminarium \u201eZarz\u0105dzanie mi\u0119dzypokoleniowe\u201d \u2013 relacja z wydarzenia - ETTA","robots":{"index":"index","follow":"follow","max-snippet":"max-snippet:-1","max-image-preview":"max-image-preview:large","max-video-preview":"max-video-preview:-1"},"canonical":"https:\/\/ettagoglobal.com\/pl\/seminarium-zarzadzanie-miedzypokoleniowe-relacja-z-wydarzenia\/","og_locale":"pl_PL","og_type":"article","og_title":"Seminarium \u201eZarz\u0105dzanie mi\u0119dzypokoleniowe\u201d \u2013 relacja z wydarzenia - ETTA","og_description":"Zapraszamy do&nbsp;zapoznania si\u0119 z&nbsp;relacj\u0105 z&nbsp;seminarium \u201eZarz\u0105dzanie mi\u0119dzypokoleniowe. Jak i&nbsp;po co zarz\u0105dza\u0107 r\u00f3\u017cnorodno\u015bci\u0105 wiekow\u0105 w&nbsp;firmie?\u201d, kt\u00f3re ETTA Doradztwo i&nbsp;Treningi dla&nbsp;Biznesu\u00a0organizowa\u0142o wsp\u00f3lnie &hellip;","og_url":"https:\/\/ettagoglobal.com\/pl\/seminarium-zarzadzanie-miedzypokoleniowe-relacja-z-wydarzenia\/","og_site_name":"ETTA","article_published_time":"2012-05-21T12:41:29+00:00","og_image":[{"width":410,"height":150,"url":"https:\/\/ettagoglobal.com\/wp-content\/uploads\/2022\/02\/etta_logo_retina-1.png","type":"image\/png"}],"author":"admin","twitter_card":"summary_large_image","twitter_misc":{"Napisane przez":"admin","Szacowany czas czytania":"3 minuty"},"schema":{"@context":"https:\/\/schema.org","@graph":[{"@type":"Article","@id":"https:\/\/ettagoglobal.com\/pl\/seminarium-zarzadzanie-miedzypokoleniowe-relacja-z-wydarzenia\/#article","isPartOf":{"@id":"https:\/\/ettagoglobal.com\/pl\/seminarium-zarzadzanie-miedzypokoleniowe-relacja-z-wydarzenia\/"},"author":{"name":"admin","@id":"https:\/\/ettagoglobal.com\/#\/schema\/person\/0ec198e9f69d021b822ba3f380abaadd"},"headline":"Seminarium \u201eZarz\u0105dzanie mi\u0119dzypokoleniowe\u201d \u2013 relacja z wydarzenia","datePublished":"2012-05-21T12:41:29+00:00","mainEntityOfPage":{"@id":"https:\/\/ettagoglobal.com\/pl\/seminarium-zarzadzanie-miedzypokoleniowe-relacja-z-wydarzenia\/"},"wordCount":525,"commentCount":0,"image":{"@id":"https:\/\/ettagoglobal.com\/pl\/seminarium-zarzadzanie-miedzypokoleniowe-relacja-z-wydarzenia\/#primaryimage"},"thumbnailUrl":"","keywords":["diversity icebreaker","etta Doradztwo i Treningi dla Biznesu","mi\u0119dzykulturowo\u015b\u0107","Monika Chutnik","M\u015aP","Personel Plus","Tadeusz Reimus","zarz\u0105dzanie r\u00f3\u017cnorodno\u015bci\u0105","zarz\u0105dzanie r\u00f3\u017cnorodno\u015bci\u0105 wiekow\u0105"],"articleSection":["Case study"],"inLanguage":"pl-PL","potentialAction":[{"@type":"CommentAction","name":"Comment","target":["https:\/\/ettagoglobal.com\/pl\/seminarium-zarzadzanie-miedzypokoleniowe-relacja-z-wydarzenia\/#respond"]}]},{"@type":"WebPage","@id":"https:\/\/ettagoglobal.com\/pl\/seminarium-zarzadzanie-miedzypokoleniowe-relacja-z-wydarzenia\/","url":"https:\/\/ettagoglobal.com\/pl\/seminarium-zarzadzanie-miedzypokoleniowe-relacja-z-wydarzenia\/","name":"Seminarium \u201eZarz\u0105dzanie mi\u0119dzypokoleniowe\u201d \u2013 relacja z wydarzenia - ETTA","isPartOf":{"@id":"https:\/\/ettagoglobal.com\/#website"},"primaryImageOfPage":{"@id":"https:\/\/ettagoglobal.com\/pl\/seminarium-zarzadzanie-miedzypokoleniowe-relacja-z-wydarzenia\/#primaryimage"},"image":{"@id":"https:\/\/ettagoglobal.com\/pl\/seminarium-zarzadzanie-miedzypokoleniowe-relacja-z-wydarzenia\/#primaryimage"},"thumbnailUrl":"","datePublished":"2012-05-21T12:41:29+00:00","author":{"@id":"https:\/\/ettagoglobal.com\/#\/schema\/person\/0ec198e9f69d021b822ba3f380abaadd"},"breadcrumb":{"@id":"https:\/\/ettagoglobal.com\/pl\/seminarium-zarzadzanie-miedzypokoleniowe-relacja-z-wydarzenia\/#breadcrumb"},"inLanguage":"pl-PL","potentialAction":[{"@type":"ReadAction","target":["https:\/\/ettagoglobal.com\/pl\/seminarium-zarzadzanie-miedzypokoleniowe-relacja-z-wydarzenia\/"]}]},{"@type":"ImageObject","inLanguage":"pl-PL","@id":"https:\/\/ettagoglobal.com\/pl\/seminarium-zarzadzanie-miedzypokoleniowe-relacja-z-wydarzenia\/#primaryimage","url":"","contentUrl":""},{"@type":"BreadcrumbList","@id":"https:\/\/ettagoglobal.com\/pl\/seminarium-zarzadzanie-miedzypokoleniowe-relacja-z-wydarzenia\/#breadcrumb","itemListElement":[{"@type":"ListItem","position":1,"name":"Strona g\u0142\u00f3wna","item":"https:\/\/ettagoglobal.com\/pl\/home-2\/"},{"@type":"ListItem","position":2,"name":"Seminarium \u201eZarz\u0105dzanie mi\u0119dzypokoleniowe\u201d \u2013 relacja z wydarzenia"}]},{"@type":"WebSite","@id":"https:\/\/ettagoglobal.com\/#website","url":"https:\/\/ettagoglobal.com\/","name":"ETTA","description":"Global Connections. Let&#039;s do it bETTA!","potentialAction":[{"@type":"SearchAction","target":{"@type":"EntryPoint","urlTemplate":"https:\/\/ettagoglobal.com\/?s={search_term_string}"},"query-input":{"@type":"PropertyValueSpecification","valueRequired":true,"valueName":"search_term_string"}}],"inLanguage":"pl-PL"},{"@type":"Person","@id":"https:\/\/ettagoglobal.com\/#\/schema\/person\/0ec198e9f69d021b822ba3f380abaadd","name":"admin","sameAs":["https:\/\/etta.sellwise.cfolks.pl"],"url":"https:\/\/ettagoglobal.com\/pl\/author\/bcebrzyna\/"}]}},"_links":{"self":[{"href":"https:\/\/ettagoglobal.com\/pl\/wp-json\/wp\/v2\/posts\/20543","targetHints":{"allow":["GET"]}}],"collection":[{"href":"https:\/\/ettagoglobal.com\/pl\/wp-json\/wp\/v2\/posts"}],"about":[{"href":"https:\/\/ettagoglobal.com\/pl\/wp-json\/wp\/v2\/types\/post"}],"author":[{"embeddable":true,"href":"https:\/\/ettagoglobal.com\/pl\/wp-json\/wp\/v2\/users\/1"}],"replies":[{"embeddable":true,"href":"https:\/\/ettagoglobal.com\/pl\/wp-json\/wp\/v2\/comments?post=20543"}],"version-history":[{"count":0,"href":"https:\/\/ettagoglobal.com\/pl\/wp-json\/wp\/v2\/posts\/20543\/revisions"}],"wp:featuredmedia":[{"embeddable":true,"href":"https:\/\/ettagoglobal.com\/pl\/wp-json\/"}],"wp:attachment":[{"href":"https:\/\/ettagoglobal.com\/pl\/wp-json\/wp\/v2\/media?parent=20543"}],"wp:term":[{"taxonomy":"category","embeddable":true,"href":"https:\/\/ettagoglobal.com\/pl\/wp-json\/wp\/v2\/categories?post=20543"},{"taxonomy":"post_tag","embeddable":true,"href":"https:\/\/ettagoglobal.com\/pl\/wp-json\/wp\/v2\/tags?post=20543"}],"curies":[{"name":"wp","href":"https:\/\/api.w.org\/{rel}","templated":true}]}}