{"id":20534,"date":"2012-05-30T10:43:42","date_gmt":"2012-05-30T10:43:42","guid":{"rendered":"http:\/\/ettaconsult.eu\/?p=20534"},"modified":"2022-07-15T14:03:02","modified_gmt":"2022-07-15T14:03:02","slug":"zarzadzanie-wiekiem-nie-ma-sie-czego-bac","status":"publish","type":"post","link":"https:\/\/ettagoglobal.com\/pl\/zarzadzanie-wiekiem-nie-ma-sie-czego-bac\/","title":{"rendered":"Zarz\u0105dzanie wiekiem \u2013 nie ma si\u0119 czego ba\u0107!"},"content":{"rendered":"<figure id=\"attachment_26086\" aria-describedby=\"caption-attachment-26086\" style=\"width: 315px\" class=\"wp-caption alignleft\"><img decoding=\"async\" class=\"size-full wp-image-26086\" src=\"https:\/\/ettagoglobal.com\/wp-content\/uploads\/2012\/05\/104194964.jpg\" alt=\"\" width=\"315\" height=\"215\" srcset=\"https:\/\/ettagoglobal.com\/wp-content\/uploads\/2012\/05\/104194964.jpg 315w, https:\/\/ettagoglobal.com\/wp-content\/uploads\/2012\/05\/104194964-300x205.jpg 300w\" sizes=\"(max-width: 315px) 100vw, 315px\" \/><figcaption id=\"caption-attachment-26086\" class=\"wp-caption-text\">Cheerful multi-ethnic business team in a&nbsp;meeting<\/figcaption><\/figure>\n<p><strong>Inwestycja w&nbsp;\u015bwiadome korzystanie z&nbsp;r\u00f3\u017cnorodno\u015bci wiekowej zwraca si\u0119 w&nbsp;postaci sprawniej pracuj\u0105cego zespo\u0142u. Zwi\u0119ksza si\u0119 r\u00f3wnie\u017c jego<\/strong><strong>elastyczno\u015b\u0107\u00a0oraz\u00a0umiej\u0119tno\u015b\u0107 reagowania na&nbsp;czynniki zewn\u0119trzne.<\/strong> M\u0142odsi zapewni\u0105 szybk\u0105 reakcj\u0119 bez strachu przed konsekwencjami, starsi dadz\u0105 im do\u015bwiadczenie i&nbsp;wiedz\u0119 wynikaj\u0105c\u0105 z&nbsp;prze\u017cycia wielu podobnych sytuacji w&nbsp;przesz\u0142o\u015bci.<\/p>\n<p><strong><em>Nie starzeje si\u0119 ten, kto nie ma na&nbsp;to czasu \u2013\u00a0<\/em>Benjamin Franklin<\/strong><\/p>\n<p>Za&nbsp;zmianami struktury demograficznej na&nbsp;\u015bwiecie id\u0105 zmiany struktury demograficznej pracownik\u00f3w firm. To powoduje, zwi\u0119kszenie popularno\u015bci tematu zarz\u0105dzania wiekiem (z angielskiego\u00a0<em>age management<\/em>) \u2013 czyli&nbsp;projektowania sposob\u00f3w skutecznego zarz\u0105dzania kadrami w&nbsp;r\u00f3\u017cnym wieku tak, aby&nbsp;wszyscy zainteresowani (pracownicy, organizacja, spo\u0142ecze\u0144stwo) jak najlepiej na&nbsp;tym wyszli.<\/p>\n<p>Na&nbsp;czym polega zarz\u0105dzanie wiekiem mo\u017cna wyja\u015bni\u0107 w&nbsp;spos\u00f3b suchy, akademicki, mo\u017cna te\u017c do&nbsp;tematu podej\u015b\u0107 nieco swobodniej. Wystarczy drogi Czytelniku, \u017ce&nbsp;przypomnisz sobie jeden z&nbsp;wielu film\u00f3w lub&nbsp;seriali kryminalnych (cho\u0107by niezapomniane \u201eUlice San Francisco\u201d), w&nbsp;kt\u00f3rym scenarzy\u015bci \u0142\u0105cz\u0105 ze sob\u0105 w&nbsp;zesp\u00f3\u0142 \u017c\u00f3\u0142todzioba i&nbsp;starego wyjadacza. Pomijaj\u0105c aspekty czysto rozrywkowe, kt\u00f3rych zazwyczaj nie brakuje, mo\u017cemy w&nbsp;troch\u0119 przerysowany spos\u00f3b przekona\u0107 si\u0119, jakie korzy\u015bci daje zarz\u0105dzanie wiekiem. M\u0142ody policjant korzysta z&nbsp;do\u015bwiadczenia i&nbsp;rozleg\u0142ej sieci kontakt\u00f3w swojego starszego kolegi. Wyga za&nbsp;to nie raz przekonuje si\u0119, \u017ce&nbsp;gor\u0105ca g\u0142owa i&nbsp;szalone, nieszablonowe pomys\u0142y m\u0142odszego kolegi cz\u0119sto si\u0119 sprawdzaj\u0105, szczeg\u00f3lnie je\u015bli mie\u0107 nad&nbsp;nimi jak\u0105\u015b kontrol\u0119. Zazwyczaj po&nbsp;pierwszym, trudnym i&nbsp;pe\u0142nym zgrzyt\u00f3w okresie duet taki zaczyna by\u0107 bardzo skuteczny i&nbsp;pomijaj\u0105c kwesti\u0119 relacji mi\u0119dzyludzkich, jest doskona\u0142ym narz\u0119dziem w&nbsp;r\u0119kach \u015bwiadomego tego faktu szefa.<\/p>\n<p>Zarz\u0105dzanie wiekiem ju\u017c od jakiego\u015b czasu nie jest li tylko zwyk\u0142\u0105 ciekawostk\u0105. Zwi\u0119kszaj\u0105ca si\u0119 liczba pracownik\u00f3w 50+, odp\u0142yw m\u0142odej si\u0142y roboczej za&nbsp;granic\u0119 powoduje, \u017ce&nbsp;szeroki zakres wieku zatrudnianych pracownik\u00f3w staje si\u0119 konieczno\u015bci\u0105.\u00a0<strong>Nale\u017cy wi\u0119c&nbsp;szczeg\u00f3ln\u0105 uwag\u0119 przy\u0142o\u017cy\u0107 do&nbsp;walki z&nbsp;dyskryminacj\u0105 i&nbsp;barierami, kt\u00f3re pojawiaj\u0105 si\u0119 na&nbsp;styku starszych i&nbsp;m\u0142odszych pracownik\u00f3w. Stereotypy nale\u017cy t\u0142umaczy\u0107 i&nbsp;u\u015bwiadamia\u0107, dlaczego zr\u00f3\u017cnicowana wiekowo grupa jest lepsza od jednorodnej.<\/strong><\/p>\n<p>Wiele os\u00f3b odpowiedzialnych za&nbsp;zasoby ludzkie w&nbsp;firmach ju\u017c jaki\u015b czas temu zorientowa\u0142o si\u0119, \u017ce&nbsp;zr\u00f3\u017cnicowanie grupy pracowniczej pod&nbsp;wzgl\u0119dem wieku (ale r\u00f3wnie\u017c p\u0142ci, wykszta\u0142cenia itp.) pozwala organizacji znacznie lepiej reagowa\u0107 na&nbsp;zmieniaj\u0105ce si\u0119 okoliczno\u015bci zewn\u0119trzne. Jednorodna grupa pracownik\u00f3w nie posiada takiej elastyczno\u015bci. Inn\u0105 kwesti\u0105, kt\u00f3rej przedsi\u0119biorcy nie musz\u0105, ale&nbsp;mog\u0105 bra\u0107 pod&nbsp;uwag\u0119, jest kwestia spo\u0142eczna. Wcze\u015bniejsze odchodzenie na&nbsp;emerytur\u0119 starszych pracownik\u00f3w dodatkowo obci\u0105\u017ca i&nbsp;tak ju\u017c niewydolny system ubezpiecze\u0144. Umo\u017cliwiaj\u0105c im kontynuacj\u0119 kariery zawodowej, dalszy rozw\u00f3j, nie zmuszamy ich do&nbsp;korzystania z&nbsp;system\u00f3w emerytalnych zbyt wcze\u015bnie.<\/p>\n<p>Wprowadzenie kompleksowego systemu zarz\u0105dzania wiekiem nie jest \u0142atwym zadaniem, dzia\u0142a\u0107 trzeba na&nbsp;r\u00f3\u017cnych poziomach, w&nbsp;r\u00f3\u017cnej skali, \u017ceby osi\u0105gn\u0105\u0107 pe\u0142ny sukces, trzeba tak\u0105 operacj\u0119 przeprowadzi\u0107 od pocz\u0105tku do&nbsp;ko\u0144ca. Dla&nbsp;organizacji, kt\u00f3re z&nbsp;r\u00f3\u017cnych powod\u00f3w boj\u0105 si\u0119 wprowadzenia zarz\u0105dzania wiekiem, dobrym rozwi\u0105zaniem jest rozpocz\u0119cie dzia\u0142a\u0144 od pilota\u017cu, obserwowanie ich wynik\u00f3w i&nbsp;ewentualne wprowadzanie kolejnych zmian.<\/p>\n<p>Jednym z&nbsp;element\u00f3w zarz\u0105dzania wiekiem jest zadbanie o&nbsp;r\u00f3wno\u015b\u0107 w\u015br\u00f3d pracownik\u00f3w. Niezale\u017cnie od wieku nale\u017cy zapewni\u0107 taki sam dost\u0119p do&nbsp;szkole\u0144, system\u00f3w motywacyjnych oraz&nbsp;do&nbsp;nowych stanowisk. Starszy pracownik posiada wi\u0119ksz\u0105 wiedz\u0119 i&nbsp;znajomo\u015b\u0107 organizacji ni\u017c m\u0142oda, kr\u00f3cej pracuj\u0105ca osoba. Umieszczenie go na&nbsp;odpowiednim do&nbsp;jego umiej\u0119tno\u015bci stanowisku da organizacji mierzalne korzy\u015bci. Powstrzymywanie si\u0119 od zmian kadrowych opartych na&nbsp;czynnikach wiekowych nie jest racjonalnym i&nbsp;skutecznym podej\u015bciem. Element r\u00f3wno\u015bci dzia\u0142a na&nbsp;rzecz pracownik\u00f3w zar\u00f3wno m\u0142odych jak i&nbsp;dojrza\u0142ych.<\/p>\n<p>Dbaj\u0105c o&nbsp;powy\u017csze nale\u017cy zadba\u0107 r\u00f3wnie\u017c o&nbsp;\u015bwiadomo\u015b\u0107 element\u00f3w zarz\u0105dzania wiekiem wszystkich cz\u0142onk\u00f3w organizacji \u2013 zar\u00f3wno na&nbsp;poziomie poszczeg\u00f3lnych dzia\u0142\u00f3w jak i&nbsp;indywidualnie. Pracownicy \u015bwiadomi faktu, \u017ce&nbsp;organizacja w&nbsp;rozs\u0105dny i&nbsp;przemy\u015blany spos\u00f3b korzysta z&nbsp;zasob\u00f3w ludzi w&nbsp;r\u00f3\u017cnych grupach wiekowych, b\u0119d\u0105 bardziej otwarcie podchodzi\u0107 do&nbsp;tematu zr\u00f3\u017cnicowania. By\u0107 mo\u017ce unikniemy dzi\u0119ki temu konflikt\u00f3w jakie mog\u0105 wynikn\u0105\u0107, kiedy grupa m\u0142odych pracownik\u00f3w trafi pod&nbsp;skrzyd\u0142a starszego szefa, lub&nbsp;w&nbsp;sytuacji odwrotnej.<\/p>\n<p>Bardzo istotna jest r\u00f3wnie\u017c ci\u0105g\u0142a ocena wprowadzanych w&nbsp;systemie zmian. Wiedz\u0105c, jakie konkretnie efekty daje zatrudnianie okre\u015blonych grup wiekowych na&nbsp;okre\u015blonych stanowiskach, wiedz\u0105c jakie wyniki osi\u0105gaj\u0105 pracownicy z&nbsp;r\u00f3\u017cnych grup mo\u017cemy oceni\u0107, jak skuteczne s\u0105 nasze metody. Warto przy&nbsp;tym skorzysta\u0107 z&nbsp;oceny zewn\u0119trznej, ta da nam obiektywne spojrzenie na&nbsp;to, co dzieje si\u0119 w&nbsp;naszej organizacji.<\/p>\n<p>Wdra\u017caj\u0105c zarz\u0105dzanie wiekiem w&nbsp;organizacji mo\u017cna mie\u0107 obawy r\u00f3\u017cnego typu, ale&nbsp;wieloletnie do\u015bwiadczenie w&nbsp;tym temacie pokazuje, \u017ce&nbsp;odpowiednio przeprowadzony proces procentuje.\u00a0<strong>Inwestycja w&nbsp;\u015bwiadome korzystanie z&nbsp;r\u00f3\u017cnorodno\u015bci wiekowej zwraca si\u0119 w&nbsp;postaci sprawniej pracuj\u0105cego zespo\u0142u. Zwi\u0119ksza si\u0119 r\u00f3wnie\u017c jego elastyczno\u015b\u0107 i&nbsp;umiej\u0119tno\u015b\u0107 reagowania na&nbsp;czynniki zewn\u0119trzne.<\/strong>\u00a0M\u0142odsi zapewni\u0105 szybk\u0105 reakcj\u0119 bez strachu przed konsekwencjami, starsi dadz\u0105 im do\u015bwiadczenie i&nbsp;wiedz\u0119 wynikaj\u0105c\u0105 z&nbsp;prze\u017cycia wielu podobnych sytuacji w&nbsp;przesz\u0142o\u015bci. Je\u015bli \u2013 drogi Czytelniku, jeste\u015b zainteresowany realnymi rezultatami, wiedz, \u017ce&nbsp;wed\u0142ug jednej z&nbsp;teorii ekonomicznych, wsp\u00f3\u0142czesny kryzys jest tak trudny do&nbsp;prze\u0142amania przez&nbsp;instytucje bankowe w\u0142a\u015bnie dlatego, \u017ce&nbsp;pracownicy, kt\u00f3rzy przeszli go poprzednio, ju\u017c nie pracuj\u0105 w&nbsp;organizacji.<\/p>\n<p>Warto pami\u0119ta\u0107, \u017ce&nbsp;zarz\u0105dzanie wiekiem jako podej\u015bcie strategiczne obejmuje ca\u0142o\u015b\u0107 proces\u00f3w HR \u2013 od rekrutacji i&nbsp;selekcji pracownik\u00f3w, poprzez zarz\u0105dzanie nimi, a\u017c po&nbsp;planowanie odej\u015bcia na&nbsp;emerytur\u0119. Je\u017celi&nbsp;jednak mamy obawy przed wdro\u017ceniem ca\u0142o\u015bciowej strategii w&nbsp;naszej organizacji, warto zacz\u0105\u0107 od tych obszar\u00f3w, od kt\u00f3rych ze wzgl\u0119du na&nbsp;specyfik\u0119 s\u0105 do&nbsp;wdro\u017cenia najprostsze. Prezentujemy dobre praktyki w&nbsp;r\u00f3\u017cnych typach firm. Przyk\u0142ady wdro\u017ce\u0144 oparte s\u0105 na&nbsp;realnych projektach z&nbsp;naszej praktyki, w&nbsp;kt\u00f3rych konsultowali\u015bmy i&nbsp;wdra\u017cali\u015bmy elementy strategii zarz\u0105dzania wiekiem.<\/p>\n<p><strong>Wdro\u017cenie intermentoringu i&nbsp;przesuni\u0119\u0107 mi\u0119dzy stanowiskami \u2013 firma produkcyjna z&nbsp;bran\u017cy spo\u017cywczej.<\/strong><\/p>\n<p>W&nbsp;opisywanej firmie wyst\u0119puje wyra\u017ana luka pokoleniowa w\u015br\u00f3d pracownik\u00f3w produkcyjnych. Pracuje tam \u201estara kadra\u201d, czyli&nbsp;osoby z&nbsp;20-letnim i&nbsp;wi\u0119kszym do\u015bwiadczeniem, kt\u00f3re pami\u0119taj\u0105 jeszcze poprzednie \u201eporz\u0105dki\u201d, systemy i&nbsp;wyposa\u017cenie fabryki. Druga grupa to osoby m\u0142ode, zatrudnione kilka lat temu na&nbsp;skutek rozbudowania fabryki i&nbsp;zwi\u0119kszenia jej mocy produkcyjnych. Przedstawiciele m\u0142odszej grupy mog\u0105 by\u0107 \u2013 i&nbsp;cz\u0119sto s\u0105 \u2013 synami i&nbsp;c\u00f3rkami tych ze \u201estarej kadry\u201d. R\u00f3wnocze\u015bnie ze zwi\u0119kszeniem produkcji, firma rozpocz\u0119\u0142a wdra\u017canie filozofii Kaizen, kt\u00f3rej podstaw\u0105 jest praca zespo\u0142owa i&nbsp;wsp\u00f3lne rozwi\u0105zywanie problem\u00f3w. Jak mo\u017cna przewidzie\u0107, wi\u0105za\u0142o si\u0119 to z&nbsp;wieloma napi\u0119ciami \u2013 starsi byli pe\u0142ni obaw, m\u0142odszych denerwowa\u0142a ich niewielka elastyczno\u015b\u0107 i&nbsp;przejmowanie si\u0119 ma\u0142o istotnymi (wed\u0142ug m\u0142odszych) problemami. Cz\u0119stsze stawa\u0142y si\u0119 absencje, a&nbsp;do grup rozwi\u0105zywania problem\u00f3w trudno by\u0142o zrekrutowa\u0107 uczestnik\u00f3w.<\/p>\n<p>Aby&nbsp;skutecznie stawi\u0107 czo\u0142a temu wyzwaniu, w&nbsp;firmie powsta\u0142 zr\u00f3\u017cnicowany wiekowo zesp\u00f3\u0142 trener\u00f3w wewn\u0119trznych, sk\u0142adaj\u0105cy si\u0119 z&nbsp;tych pracownik\u00f3w produkcji, kt\u00f3rzy \u2013 niezale\u017cnie od wieku i&nbsp;stanowiska pracy \u2013 wykazywali si\u0119 wi\u0119kszym od przeci\u0119tnej zaanga\u017cowaniem w&nbsp;rozwi\u0105zywanie problem\u00f3w produkcyjnych. Zesp\u00f3\u0142 rozpocz\u0105\u0142 prac\u0119 od warsztatu integracyjnego, kt\u00f3ry pozwala\u0142 na&nbsp;wykorzystanie zasob\u00f3w ka\u017cdego z&nbsp;cz\u0142onk\u00f3w zespo\u0142u. Kolejno, cz\u0142onkowie zespo\u0142u zostali gruntownie przeszkoleni z&nbsp;kompetencji trenerskich, a&nbsp;dalsze ich zadanie polega\u0142o na&nbsp;zebraniu materia\u0142\u00f3w i&nbsp;r\u00f3\u017cnorodnych sposob\u00f3w rozwi\u0105zywania najpowszechniejszych problem\u00f3w produkcyjnych w&nbsp;ca\u0142ej firmie. Kolejno, dwuosobowe zespo\u0142y trenerskie (z\u0142o\u017cone najcz\u0119\u015bciej z&nbsp;dojrza\u0142ego i&nbsp;m\u0142odszego pracownika) rozpocz\u0119\u0142y prowadzenie cyklicznych szkole\u0144 z&nbsp;zakresu rozwi\u0105zywania problem\u00f3w dla&nbsp;pozosta\u0142ych pracownik\u00f3w produkcji. Szkolenia ze wzgl\u0119du na&nbsp;ich warsztatowy charakter anga\u017cowa\u0142y ich uczestnik\u00f3w, kt\u00f3rzy coraz cz\u0119\u015bciej zacz\u0119li wypracowywa\u0107 w\u0142asne propozycje usprawnie\u0144 na&nbsp;produkcji. R\u00f3wnolegle kilkoro pracownik\u00f3w o&nbsp;najd\u0142u\u017cszym sta\u017cu odpowiedzia\u0142o na&nbsp;stworzon\u0105 przez&nbsp;firm\u0119 mo\u017cliwo\u015b\u0107 przesuni\u0119cia ich z&nbsp;pracy bezpo\u015brednio na&nbsp;produkcji do&nbsp;roli konsultant\u00f3w z&nbsp;okre\u015blonego zakresu \u2013 przyk\u0142adowo, zadaniem pracownika zajmuj\u0105cego si\u0119 od lat utrzymaniem ruchu w&nbsp;nowej roli konsultanta jest zbieranie i&nbsp;usystematyzowanie dokumentacji, sposob\u00f3w na&nbsp;wprowadzenie usprawnie\u0144 oraz&nbsp;nowinek technicznych dotycz\u0105cych wszystkich linii produkcyjnych. Ta osoba wspomaga tak\u017ce jako moderator prowadzenie grup rozwi\u0105zywania problem\u00f3w dotycz\u0105cych tematyki utrzymania ruchu.<\/p>\n<p>Efekt? Zr\u00f3\u017cnicowana wiekowo grupa trener\u00f3w wewn\u0119trznych sta\u0142a si\u0119 \u201ezaczynem\u201d pozytywnych zmian w&nbsp;firmie. Po&nbsp;kilku latach pr\u0119\u017cnie funkcjonuj\u0105 grupy rozwi\u0105zywania problem\u00f3w, pracownicy niezale\u017cnie od wieku ch\u0119tnie zg\u0142aszaj\u0105 swoje pomys\u0142y, a&nbsp;dzi\u0119ki poszerzeniu wiedzy o&nbsp;funkcjonowaniu produkcji, \u0142atwiej tak\u017ce o&nbsp;chwilowe zast\u0119pstwo w&nbsp;razie konieczno\u015bci. Przek\u0142ada si\u0119 to na&nbsp;istotnie kr\u00f3tszy czas usuwania awarii, przezbroje\u0144, i&nbsp;znacz\u0105co lepsze wyniki efektywno\u015bci produkcji. Co istotne, te pozytywne zmiany nast\u0105pi\u0142y w&nbsp;atmosferze wzajemnego szacunku i&nbsp;przyczyni\u0142y si\u0119 do&nbsp;integracji zespo\u0142u pracownik\u00f3w produkcji. Dzi\u0119ki kontrolowanemu sposobowi agregowania i&nbsp;systematyzowania wiedzy (z wykorzystaniem potencja\u0142u starszych pracownik\u00f3w), firma jest tak\u017ce lepiej przygotowana do&nbsp;poradzenia sobie z&nbsp;kwesti\u0105 sukcesji \u2013 za&nbsp;kilka lat rozpoczn\u0105 si\u0119 przecie\u017c przej\u015bcia na&nbsp;emerytur\u0119 pracownik\u00f3w z&nbsp;najd\u0142u\u017cszym sta\u017cem. Tak wi\u0119c&nbsp;proces, kt\u00f3ry zapocz\u0105tkowa\u0142o stworzenie zespo\u0142u trener\u00f3w wewn\u0119trznych, zaowocowa\u0142 kolejnymi zmianami w&nbsp;innych obszarach zarz\u0105dzania wiekiem.<\/p>\n<p><strong>Ochrona i&nbsp;promocja zdrowia \u2013 firma oponiarska, firma z&nbsp;bran\u017cy motoryzacyjnej.<\/strong><\/p>\n<p>Kolejnym punktem wyj\u015bcia do&nbsp;systemowego zaj\u0119cia si\u0119 tematem zarz\u0105dzania wiekiem mo\u017ce by\u0107 ochrona i&nbsp;promocja zdrowia. Warto w&nbsp;tym miejscu przywo\u0142a\u0107 przyk\u0142ad jednej z&nbsp;firm oponiarskich, kt\u00f3rej polski oddzia\u0142 ju\u017c w&nbsp;2005 r. podpisa\u0142 kontrakt z&nbsp;przychodni\u0105 medycyny przemys\u0142owej. Ta przychodnia przygotowuje programy profilaktyczne dostosowane do&nbsp;specyfiki pracy w&nbsp;firmie, finansowane wsp\u00f3lnie przez&nbsp;pracodawc\u0119 i&nbsp;ubezpieczyciela. W&nbsp;2010 r. w&nbsp;firmie wprowadzono program dba\u0142o\u015bci o&nbsp;motoryczny stan organizmu pracownik\u00f3w. Program ten adresowany by\u0142 do&nbsp;os\u00f3b pracuj\u0105cych fizycznie. W&nbsp;jego ramach mo\u017cliwe by\u0142y indywidualne konsultacje z&nbsp;rehabilitantem na&nbsp;stanowisku pracy. Rehabilitant obserwuje pracownika, jego postaw\u0119 i&nbsp;ruchy, informuje go o&nbsp;mo\u017cliwych nadwyr\u0119\u017ceniach, a&nbsp;na koniec pokazuje \u0107wiczenia zapobiegaj\u0105ce schorzeniom. Program, po&nbsp;pocz\u0105tkowej niech\u0119ci pracownik\u00f3w, zacz\u0105\u0142 cieszy\u0107 si\u0119 bardzo du\u017cym powodzeniem, gdy okaza\u0142o si\u0119, \u017ce&nbsp;przynosi bardzo dobre efekty. Dzi\u0119ki zaleceniom rehabilitanta i&nbsp;monitorowaniu przez&nbsp;niego post\u0119p\u00f3w podopiecznych, nie tylko poprawi\u0142o si\u0119 samopoczucie pracownik\u00f3w, ale&nbsp;tak\u017ce \u2013 co stanowi konkretn\u0105 korzy\u015b\u0107 dla&nbsp;pracodawcy \u2013 zmniejszy\u0142a si\u0119 liczba absencji w&nbsp;pracy ze wzgl\u0119d\u00f3w zdrowotnych, szczeg\u00f3lnie w&nbsp;grupie pracownik\u00f3w po&nbsp;50 roku \u017cycia.<\/p>\n<p>By\u0107 mo\u017ce w&nbsp;Polsce r\u00f3wnie\u017c wkr\u00f3tce pojawi\u0105 si\u0119 tak z\u0142o\u017cone i&nbsp;wybiegaj\u0105ce w&nbsp;przysz\u0142o\u015b\u0107 programy, jak w&nbsp;jednej z&nbsp;firm z&nbsp;bran\u017cy motoryzacyjnej w&nbsp;Niemczech. Przewidziano tam znaczne wzrost \u015bredniego wieku pracownik\u00f3w produkcyjnych w&nbsp;okresie dziesi\u0119ciu lat i&nbsp;zorganizowano zesp\u00f3\u0142 do&nbsp;obs\u0142ugi jednej z&nbsp;linii o&nbsp;takim w\u0142a\u015bnie, wy\u017cszym ni\u017c aktualny, \u015brednim wieku. Pocz\u0105tkowo wi\u0105za\u0142o si\u0119 to z&nbsp;oporem za\u0142ogi, a&nbsp;opisywana linia by\u0142a nazywana \u201eemeryck\u0105\u201d, natomiast&nbsp;praca na&nbsp;linii by\u0142a dobrowolna i&nbsp;ka\u017cdy z&nbsp;pracownik\u00f3w otrzyma\u0142 informacj\u0119, \u017ce&nbsp;w&nbsp;ka\u017cdej chwili mo\u017ce wycofa\u0107 si\u0119 z&nbsp;tego \u201eeksperymentu\u201d. Pracownicy tej linii zostali zaproszeni do&nbsp;zg\u0142aszania pomys\u0142\u00f3w na&nbsp;usprawnienia pomagaj\u0105ce im w&nbsp;pracy, kt\u00f3re w&nbsp;wi\u0119kszo\u015bci zosta\u0142y wdro\u017cone niewielkim kosztem. Przyk\u0142adowo, zmieniono parkiet na&nbsp;drewniany, kt\u00f3ry lepiej amortyzuje prac\u0119 staw\u00f3w; zainstalowano szk\u0142a powi\u0119kszaj\u0105ce w&nbsp;niekt\u00f3rych miejscach linii i&nbsp;zwi\u0119kszono czcionk\u0119 na&nbsp;monitorach. Kontrowersyjn\u0105 innowacj\u0105 sta\u0142o si\u0119 ustawienie w&nbsp;pobli\u017cu linii fotela, na&nbsp;kt\u00f3rym pracownicy mog\u0105 odpoczywa\u0107 \u2013 okaza\u0142o si\u0119 jednak, \u017ce&nbsp;odpoczynki nie s\u0105 d\u0142ugie i&nbsp;pozwalaj\u0105 na&nbsp;znacznie wydajniejsz\u0105 prac\u0119. Okaza\u0142o si\u0119, \u017ce&nbsp;po pocz\u0105tkowym oporze za\u0142oga linii nazywanej wcze\u015bniej emeryck\u0105 tak\u017ce sta\u0142a si\u0119 grup\u0105, kt\u00f3ra inicjuje i&nbsp;pomaga we wdro\u017ceniu usprawnie\u0144 w&nbsp;organizacji.<\/p>\n<p><strong>Koniec zatrudnienia i&nbsp;przechodzenie na&nbsp;emerytur\u0119 \u2013 firma z&nbsp;bran\u017cy nowych technologii.<\/strong><\/p>\n<p>W&nbsp;jednej z&nbsp;polsko \u2013 ameryka\u0144skich firm produkuj\u0105cych urz\u0105dzenia wykorzystuj\u0105ce technologie wysokich cz\u0119stotliwo\u015bci, z&nbsp;uwagi na&nbsp;du\u017ce do\u015bwiadczenie i&nbsp;wysokie kwalifikacje by\u0142ych pracownik\u00f3w, kt\u00f3rzy niedawno przeszli na&nbsp;emerytur\u0119, zatrudnia si\u0119 ich dorywczo w&nbsp;okresach zwi\u0119kszonego popytu. Jest to korzystniejsze ni\u017c zatrudnianie zupe\u0142nie nowych, m\u0142odszych os\u00f3b. Byli pracownicy znaj\u0105 dobrze specyfik\u0119 pracy w&nbsp;firmie i&nbsp;nie potrzebuj\u0105 adaptacji, wi\u0119c&nbsp;natychmiast po&nbsp;ich zatrudnieniu mo\u017cliwo\u015bci produkcyjne firmy rosn\u0105.<\/p>\n<p>Cz\u0119st\u0105 praktyk\u0105 w&nbsp;polskich firmach jest zatrudnianie emeryt\u00f3w na&nbsp;dodatkowe zlecenia, kt\u00f3re pozwalaj\u0105 na&nbsp;wykorzystanie d\u0142ugoletniego do\u015bwiadczenia, a&nbsp;by\u0142ym pracownikom \u2013 na&nbsp;utrzymanie poczucia, \u017ce&nbsp;nadal s\u0105 potrzebni i&nbsp;sprawni zawodowo, kt\u00f3re pomaga w&nbsp;psychologicznym zmierzeniu si\u0119 z&nbsp;przej\u015bciem na&nbsp;emerytur\u0119. Rzadziej jeszcze spotyka si\u0119 inne praktyki w&nbsp;tym zakresie, kt\u00f3re pomagaj\u0105 ca\u0142ej organizacji przygotowanie do&nbsp;tej zmiany, a&nbsp;mianowicie:<\/p>\n<ul>\n<li>Wcze\u015bniejsze rozmowy na&nbsp;temat plan\u00f3w dotycz\u0105cych aktywno\u015bci zawodowej\u00a0 z&nbsp;pracownikami zbli\u017caj\u0105cymi si\u0119 do&nbsp;wieku emerytalnego;<\/li>\n<li>Szkolenia na&nbsp;temat r\u00f3\u017cnych aspekt\u00f3w przechodzenia na&nbsp;emerytur\u0119 (np. finansowego, psychologicznego, zdrowotnego) \u2013 te organizowane s\u0105 zazwyczaj tylko przez&nbsp;du\u017ce firmy na&nbsp;pro\u015bb\u0119 os\u00f3b planuj\u0105cych w&nbsp;najbli\u017cszym czasie przej\u015bcie na&nbsp;emerytur\u0119;<\/li>\n<li>Specjalne urlopy pozwalaj\u0105ce na&nbsp;przygotowanie si\u0119 do&nbsp;przej\u015bcia na&nbsp;emerytur\u0119;<\/li>\n<li>Elastyczne formy przechodzenia na&nbsp;emerytur\u0119 (np. zatrudnienie na&nbsp;cz\u0119\u015b\u0107 etatu, stopniowe zmniejszanie wymiaru czasu pracy.<\/li>\n<\/ul>\n<p><strong>Zarz\u0105dzanie wiekiem \u2013\u00a0 wnioski i&nbsp;zalecenia:<\/strong><\/p>\n<ul>\n<li>Nawet je\u015bli tak tego nie nazywasz \u2013 istnieje du\u017ce prawdopodobie\u0144stwo, \u017ce&nbsp;Twoja organizacja ju\u017c co\u015b robi w&nbsp;zakresie zarz\u0105dzania wiekiem. Warto te dzia\u0142ania zidentyfikowa\u0107, usystematyzowa\u0107 i&nbsp;wspiera\u0107;<\/li>\n<li>Zacznij od miejsca, kt\u00f3rego wsparcie w&nbsp;zakresie zarz\u0105dzania wiekiem przyniesie najwi\u0119ksze korzy\u015bci dla&nbsp;organizacji, a&nbsp;potem poszerzaj zakres dzia\u0142a\u0144;<\/li>\n<li>B\u0105d\u017a&nbsp;przygotowany\/a na&nbsp;op\u00f3r, jak przy&nbsp;ka\u017cdej zmianie. Je\u015bli to mo\u017cliwe \u2013 unikaj etykietowania pracownik\u00f3w. Niech przy\u015bwieca Ci filozofia, \u017ce&nbsp;nie chodzi o&nbsp;wsparcie \u201estarych\u201d czy&nbsp;\u201em\u0142odych\u201d, ale&nbsp;ca\u0142o\u015bci organizacji przez&nbsp;wykorzystanie potencja\u0142u tkwi\u0105cego w&nbsp;r\u00f3\u017cnorodno\u015bci.<\/li>\n<li>Zaplanowane i&nbsp;wdra\u017cane rozwi\u0105zania poddawaj monitoringowi i&nbsp;ewaluacji;<\/li>\n<li>Po&nbsp;w\u0142a\u015bciwym wdro\u017ceniu, wcze\u015bniej lub&nbsp;p\u00f3\u017aniej oczekuj nagrody w&nbsp;postaci zaanga\u017cowania zespo\u0142u i&nbsp;wi\u0119kszej jego wydajno\u015bci. Bo&nbsp;nie starzeje si\u0119 ten, kto nie ma na&nbsp;to czasu\u2026<\/li>\n<\/ul>\n<p>Autorzy:<\/p>\n<p><strong>Katarzyna Romanowicz<\/strong>\u00a0\u2013 konsultant, trener i&nbsp;coach biznesu ETTA Doradztwo i&nbsp;Treningi dla&nbsp;Biznesu. Specjalizuje si\u0119 w&nbsp;zarz\u0105dzaniu wiekiem oraz&nbsp;rozwoju kompetencji mened\u017cerskich, zw\u0142aszcza zwi\u0105zanych z&nbsp;zarz\u0105dzaniem zespo\u0142em. \u00a0Jest jedn\u0105 z&nbsp;pionierek tematu zarz\u0105dzania wiekiem w&nbsp;Polsce \u2013 do&nbsp;tej pory wspiera\u0142a wdro\u017cenie strategii zarz\u0105dzania wiekiem w&nbsp;wielu du\u017cych firmach.<\/p>\n<p><strong>Tadeusz Reimus<\/strong>\u00a0\u2013 konsultant, trener, psycholog organizacji ETTA Doradztwo i&nbsp;Treningi dla&nbsp;Biznesu. Specjalizuje si\u0119 w&nbsp;zarz\u0105dzaniu wiekiem oraz&nbsp;projektowaniu d\u0142ugofalowych dzia\u0142a\u0144 rozwojowych i&nbsp;opracowywaniu strategii w&nbsp;przedsi\u0119biorstwach. Wsp\u00f3\u0142autor \u201eStrategii szkoleniowej dla&nbsp;s\u0142u\u017cby cywilnej\u201d przygotowanej na&nbsp;zlecenie Kancelarii Prezesa Rady Ministr\u00f3w.<\/p>\n<p>Tekst zosta\u0142 opublikowany w&nbsp;magazynie\u00a0<a href=\"http:\/\/ettaconsult.pl\/eksperci_etta_dziela_sie_wiedza_i_pisza_artykuly\/article\/272\/\">\u201ePersonel Plus\u201d Nr 4 \/2012<\/a>.6<\/p>\n","protected":false},"excerpt":{"rendered":"<p>Inwestycja w&nbsp;\u015bwiadome korzystanie z&nbsp;r\u00f3\u017cnorodno\u015bci wiekowej zwraca si\u0119 w&nbsp;postaci sprawniej pracuj\u0105cego zespo\u0142u. Zwi\u0119ksza si\u0119 r\u00f3wnie\u017c jegoelastyczno\u015b\u0107\u00a0oraz\u00a0umiej\u0119tno\u015b\u0107 reagowania na&nbsp;czynniki zewn\u0119trzne. M\u0142odsi zapewni\u0105 &hellip; <\/p>\n","protected":false},"author":1,"featured_media":20535,"comment_status":"closed","ping_status":"closed","sticky":false,"template":"","format":"standard","meta":{"_acf_changed":false,"footnotes":"","_links_to":"","_links_to_target":""},"categories":[1],"tags":[64,89,91,68,69,59,62],"class_list":["post-20534","post","type-post","status-publish","format-standard","has-post-thumbnail","hentry","category-case-study","tag-etta-doradztwo-i-treningi-dla-biznesu","tag-katarzyna-romanowicz","tag-tadeusz-reimus","tag-trenerzy-etta","tag-trening-miedzykulturowy","tag-zarzadzanie-roznorodnoscia","tag-zarzadzanie-wiekiem"],"acf":[],"yoast_head":"<!-- This site is optimized with the Yoast SEO plugin v27.3 - https:\/\/yoast.com\/product\/yoast-seo-wordpress\/ -->\n<title>Zarz\u0105dzanie wiekiem \u2013 nie ma si\u0119 czego ba\u0107! - ETTA<\/title>\n<meta name=\"robots\" content=\"index, follow, max-snippet:-1, max-image-preview:large, max-video-preview:-1\" \/>\n<link rel=\"canonical\" href=\"https:\/\/ettagoglobal.com\/pl\/zarzadzanie-wiekiem-nie-ma-sie-czego-bac\/\" \/>\n<meta property=\"og:locale\" content=\"pl_PL\" \/>\n<meta property=\"og:type\" content=\"article\" \/>\n<meta property=\"og:title\" content=\"Zarz\u0105dzanie wiekiem \u2013 nie ma si\u0119 czego ba\u0107! - ETTA\" \/>\n<meta property=\"og:description\" content=\"Inwestycja w&nbsp;\u015bwiadome korzystanie z&nbsp;r\u00f3\u017cnorodno\u015bci wiekowej zwraca si\u0119 w&nbsp;postaci sprawniej pracuj\u0105cego zespo\u0142u. Zwi\u0119ksza si\u0119 r\u00f3wnie\u017c jegoelastyczno\u015b\u0107\u00a0oraz\u00a0umiej\u0119tno\u015b\u0107 reagowania na&nbsp;czynniki zewn\u0119trzne. M\u0142odsi zapewni\u0105 &hellip;\" \/>\n<meta property=\"og:url\" content=\"https:\/\/ettagoglobal.com\/pl\/zarzadzanie-wiekiem-nie-ma-sie-czego-bac\/\" \/>\n<meta property=\"og:site_name\" content=\"ETTA\" \/>\n<meta property=\"article:published_time\" content=\"2012-05-30T10:43:42+00:00\" \/>\n<meta property=\"article:modified_time\" content=\"2022-07-15T14:03:02+00:00\" \/>\n<meta property=\"og:image\" content=\"https:\/\/ettagoglobal.com\/wp-content\/uploads\/2022\/02\/etta_logo_retina-1.png\" \/>\n\t<meta property=\"og:image:width\" content=\"410\" \/>\n\t<meta property=\"og:image:height\" content=\"150\" \/>\n\t<meta property=\"og:image:type\" content=\"image\/png\" \/>\n<meta name=\"author\" content=\"admin\" \/>\n<meta name=\"twitter:card\" content=\"summary_large_image\" \/>\n<meta name=\"twitter:label1\" content=\"Napisane przez\" \/>\n\t<meta name=\"twitter:data1\" content=\"admin\" \/>\n\t<meta name=\"twitter:label2\" content=\"Szacowany czas czytania\" \/>\n\t<meta name=\"twitter:data2\" content=\"10 minut\" \/>\n<script type=\"application\/ld+json\" class=\"yoast-schema-graph\">{\"@context\":\"https:\\\/\\\/schema.org\",\"@graph\":[{\"@type\":\"Article\",\"@id\":\"https:\\\/\\\/ettagoglobal.com\\\/pl\\\/zarzadzanie-wiekiem-nie-ma-sie-czego-bac\\\/#article\",\"isPartOf\":{\"@id\":\"https:\\\/\\\/ettagoglobal.com\\\/pl\\\/zarzadzanie-wiekiem-nie-ma-sie-czego-bac\\\/\"},\"author\":{\"name\":\"admin\",\"@id\":\"https:\\\/\\\/ettagoglobal.com\\\/#\\\/schema\\\/person\\\/0ec198e9f69d021b822ba3f380abaadd\"},\"headline\":\"Zarz\u0105dzanie wiekiem \u2013 nie ma si\u0119 czego ba\u0107!\",\"datePublished\":\"2012-05-30T10:43:42+00:00\",\"dateModified\":\"2022-07-15T14:03:02+00:00\",\"mainEntityOfPage\":{\"@id\":\"https:\\\/\\\/ettagoglobal.com\\\/pl\\\/zarzadzanie-wiekiem-nie-ma-sie-czego-bac\\\/\"},\"wordCount\":2658,\"image\":{\"@id\":\"https:\\\/\\\/ettagoglobal.com\\\/pl\\\/zarzadzanie-wiekiem-nie-ma-sie-czego-bac\\\/#primaryimage\"},\"thumbnailUrl\":\"\",\"keywords\":[\"etta Doradztwo i Treningi dla Biznesu\",\"Katarzyna Romanowicz\",\"Tadeusz Reimus\",\"trenerzy ETTA\",\"trening mi\u0119dzykulturowy\",\"zarz\u0105dzanie r\u00f3\u017cnorodno\u015bci\u0105\",\"zarz\u0105dzanie wiekiem\"],\"articleSection\":[\"Case study\"],\"inLanguage\":\"pl-PL\"},{\"@type\":\"WebPage\",\"@id\":\"https:\\\/\\\/ettagoglobal.com\\\/pl\\\/zarzadzanie-wiekiem-nie-ma-sie-czego-bac\\\/\",\"url\":\"https:\\\/\\\/ettagoglobal.com\\\/pl\\\/zarzadzanie-wiekiem-nie-ma-sie-czego-bac\\\/\",\"name\":\"Zarz\u0105dzanie wiekiem \u2013 nie ma si\u0119 czego ba\u0107! - ETTA\",\"isPartOf\":{\"@id\":\"https:\\\/\\\/ettagoglobal.com\\\/#website\"},\"primaryImageOfPage\":{\"@id\":\"https:\\\/\\\/ettagoglobal.com\\\/pl\\\/zarzadzanie-wiekiem-nie-ma-sie-czego-bac\\\/#primaryimage\"},\"image\":{\"@id\":\"https:\\\/\\\/ettagoglobal.com\\\/pl\\\/zarzadzanie-wiekiem-nie-ma-sie-czego-bac\\\/#primaryimage\"},\"thumbnailUrl\":\"\",\"datePublished\":\"2012-05-30T10:43:42+00:00\",\"dateModified\":\"2022-07-15T14:03:02+00:00\",\"author\":{\"@id\":\"https:\\\/\\\/ettagoglobal.com\\\/#\\\/schema\\\/person\\\/0ec198e9f69d021b822ba3f380abaadd\"},\"breadcrumb\":{\"@id\":\"https:\\\/\\\/ettagoglobal.com\\\/pl\\\/zarzadzanie-wiekiem-nie-ma-sie-czego-bac\\\/#breadcrumb\"},\"inLanguage\":\"pl-PL\",\"potentialAction\":[{\"@type\":\"ReadAction\",\"target\":[\"https:\\\/\\\/ettagoglobal.com\\\/pl\\\/zarzadzanie-wiekiem-nie-ma-sie-czego-bac\\\/\"]}]},{\"@type\":\"ImageObject\",\"inLanguage\":\"pl-PL\",\"@id\":\"https:\\\/\\\/ettagoglobal.com\\\/pl\\\/zarzadzanie-wiekiem-nie-ma-sie-czego-bac\\\/#primaryimage\",\"url\":\"\",\"contentUrl\":\"\"},{\"@type\":\"BreadcrumbList\",\"@id\":\"https:\\\/\\\/ettagoglobal.com\\\/pl\\\/zarzadzanie-wiekiem-nie-ma-sie-czego-bac\\\/#breadcrumb\",\"itemListElement\":[{\"@type\":\"ListItem\",\"position\":1,\"name\":\"Strona g\u0142\u00f3wna\",\"item\":\"https:\\\/\\\/ettagoglobal.com\\\/pl\\\/home-2\\\/\"},{\"@type\":\"ListItem\",\"position\":2,\"name\":\"Zarz\u0105dzanie wiekiem \u2013 nie ma si\u0119 czego ba\u0107!\"}]},{\"@type\":\"WebSite\",\"@id\":\"https:\\\/\\\/ettagoglobal.com\\\/#website\",\"url\":\"https:\\\/\\\/ettagoglobal.com\\\/\",\"name\":\"ETTA\",\"description\":\"Global Connections. Let&#039;s do it bETTA!\",\"potentialAction\":[{\"@type\":\"SearchAction\",\"target\":{\"@type\":\"EntryPoint\",\"urlTemplate\":\"https:\\\/\\\/ettagoglobal.com\\\/?s={search_term_string}\"},\"query-input\":{\"@type\":\"PropertyValueSpecification\",\"valueRequired\":true,\"valueName\":\"search_term_string\"}}],\"inLanguage\":\"pl-PL\"},{\"@type\":\"Person\",\"@id\":\"https:\\\/\\\/ettagoglobal.com\\\/#\\\/schema\\\/person\\\/0ec198e9f69d021b822ba3f380abaadd\",\"name\":\"admin\",\"sameAs\":[\"https:\\\/\\\/etta.sellwise.cfolks.pl\"],\"url\":\"https:\\\/\\\/ettagoglobal.com\\\/pl\\\/author\\\/bcebrzyna\\\/\"}]}<\/script>\n<!-- \/ Yoast SEO plugin. -->","yoast_head_json":{"title":"Zarz\u0105dzanie wiekiem \u2013 nie ma si\u0119 czego ba\u0107! - ETTA","robots":{"index":"index","follow":"follow","max-snippet":"max-snippet:-1","max-image-preview":"max-image-preview:large","max-video-preview":"max-video-preview:-1"},"canonical":"https:\/\/ettagoglobal.com\/pl\/zarzadzanie-wiekiem-nie-ma-sie-czego-bac\/","og_locale":"pl_PL","og_type":"article","og_title":"Zarz\u0105dzanie wiekiem \u2013 nie ma si\u0119 czego ba\u0107! - ETTA","og_description":"Inwestycja w&nbsp;\u015bwiadome korzystanie z&nbsp;r\u00f3\u017cnorodno\u015bci wiekowej zwraca si\u0119 w&nbsp;postaci sprawniej pracuj\u0105cego zespo\u0142u. Zwi\u0119ksza si\u0119 r\u00f3wnie\u017c jegoelastyczno\u015b\u0107\u00a0oraz\u00a0umiej\u0119tno\u015b\u0107 reagowania na&nbsp;czynniki zewn\u0119trzne. M\u0142odsi zapewni\u0105 &hellip;","og_url":"https:\/\/ettagoglobal.com\/pl\/zarzadzanie-wiekiem-nie-ma-sie-czego-bac\/","og_site_name":"ETTA","article_published_time":"2012-05-30T10:43:42+00:00","article_modified_time":"2022-07-15T14:03:02+00:00","og_image":[{"width":410,"height":150,"url":"https:\/\/ettagoglobal.com\/wp-content\/uploads\/2022\/02\/etta_logo_retina-1.png","type":"image\/png"}],"author":"admin","twitter_card":"summary_large_image","twitter_misc":{"Napisane przez":"admin","Szacowany czas czytania":"10 minut"},"schema":{"@context":"https:\/\/schema.org","@graph":[{"@type":"Article","@id":"https:\/\/ettagoglobal.com\/pl\/zarzadzanie-wiekiem-nie-ma-sie-czego-bac\/#article","isPartOf":{"@id":"https:\/\/ettagoglobal.com\/pl\/zarzadzanie-wiekiem-nie-ma-sie-czego-bac\/"},"author":{"name":"admin","@id":"https:\/\/ettagoglobal.com\/#\/schema\/person\/0ec198e9f69d021b822ba3f380abaadd"},"headline":"Zarz\u0105dzanie wiekiem \u2013 nie ma si\u0119 czego ba\u0107!","datePublished":"2012-05-30T10:43:42+00:00","dateModified":"2022-07-15T14:03:02+00:00","mainEntityOfPage":{"@id":"https:\/\/ettagoglobal.com\/pl\/zarzadzanie-wiekiem-nie-ma-sie-czego-bac\/"},"wordCount":2658,"image":{"@id":"https:\/\/ettagoglobal.com\/pl\/zarzadzanie-wiekiem-nie-ma-sie-czego-bac\/#primaryimage"},"thumbnailUrl":"","keywords":["etta Doradztwo i Treningi dla Biznesu","Katarzyna Romanowicz","Tadeusz Reimus","trenerzy ETTA","trening mi\u0119dzykulturowy","zarz\u0105dzanie r\u00f3\u017cnorodno\u015bci\u0105","zarz\u0105dzanie wiekiem"],"articleSection":["Case study"],"inLanguage":"pl-PL"},{"@type":"WebPage","@id":"https:\/\/ettagoglobal.com\/pl\/zarzadzanie-wiekiem-nie-ma-sie-czego-bac\/","url":"https:\/\/ettagoglobal.com\/pl\/zarzadzanie-wiekiem-nie-ma-sie-czego-bac\/","name":"Zarz\u0105dzanie wiekiem \u2013 nie ma si\u0119 czego ba\u0107! - ETTA","isPartOf":{"@id":"https:\/\/ettagoglobal.com\/#website"},"primaryImageOfPage":{"@id":"https:\/\/ettagoglobal.com\/pl\/zarzadzanie-wiekiem-nie-ma-sie-czego-bac\/#primaryimage"},"image":{"@id":"https:\/\/ettagoglobal.com\/pl\/zarzadzanie-wiekiem-nie-ma-sie-czego-bac\/#primaryimage"},"thumbnailUrl":"","datePublished":"2012-05-30T10:43:42+00:00","dateModified":"2022-07-15T14:03:02+00:00","author":{"@id":"https:\/\/ettagoglobal.com\/#\/schema\/person\/0ec198e9f69d021b822ba3f380abaadd"},"breadcrumb":{"@id":"https:\/\/ettagoglobal.com\/pl\/zarzadzanie-wiekiem-nie-ma-sie-czego-bac\/#breadcrumb"},"inLanguage":"pl-PL","potentialAction":[{"@type":"ReadAction","target":["https:\/\/ettagoglobal.com\/pl\/zarzadzanie-wiekiem-nie-ma-sie-czego-bac\/"]}]},{"@type":"ImageObject","inLanguage":"pl-PL","@id":"https:\/\/ettagoglobal.com\/pl\/zarzadzanie-wiekiem-nie-ma-sie-czego-bac\/#primaryimage","url":"","contentUrl":""},{"@type":"BreadcrumbList","@id":"https:\/\/ettagoglobal.com\/pl\/zarzadzanie-wiekiem-nie-ma-sie-czego-bac\/#breadcrumb","itemListElement":[{"@type":"ListItem","position":1,"name":"Strona g\u0142\u00f3wna","item":"https:\/\/ettagoglobal.com\/pl\/home-2\/"},{"@type":"ListItem","position":2,"name":"Zarz\u0105dzanie wiekiem \u2013 nie ma si\u0119 czego ba\u0107!"}]},{"@type":"WebSite","@id":"https:\/\/ettagoglobal.com\/#website","url":"https:\/\/ettagoglobal.com\/","name":"ETTA","description":"Global Connections. Let&#039;s do it bETTA!","potentialAction":[{"@type":"SearchAction","target":{"@type":"EntryPoint","urlTemplate":"https:\/\/ettagoglobal.com\/?s={search_term_string}"},"query-input":{"@type":"PropertyValueSpecification","valueRequired":true,"valueName":"search_term_string"}}],"inLanguage":"pl-PL"},{"@type":"Person","@id":"https:\/\/ettagoglobal.com\/#\/schema\/person\/0ec198e9f69d021b822ba3f380abaadd","name":"admin","sameAs":["https:\/\/etta.sellwise.cfolks.pl"],"url":"https:\/\/ettagoglobal.com\/pl\/author\/bcebrzyna\/"}]}},"_links":{"self":[{"href":"https:\/\/ettagoglobal.com\/pl\/wp-json\/wp\/v2\/posts\/20534","targetHints":{"allow":["GET"]}}],"collection":[{"href":"https:\/\/ettagoglobal.com\/pl\/wp-json\/wp\/v2\/posts"}],"about":[{"href":"https:\/\/ettagoglobal.com\/pl\/wp-json\/wp\/v2\/types\/post"}],"author":[{"embeddable":true,"href":"https:\/\/ettagoglobal.com\/pl\/wp-json\/wp\/v2\/users\/1"}],"replies":[{"embeddable":true,"href":"https:\/\/ettagoglobal.com\/pl\/wp-json\/wp\/v2\/comments?post=20534"}],"version-history":[{"count":0,"href":"https:\/\/ettagoglobal.com\/pl\/wp-json\/wp\/v2\/posts\/20534\/revisions"}],"wp:featuredmedia":[{"embeddable":true,"href":"https:\/\/ettagoglobal.com\/pl\/wp-json\/"}],"wp:attachment":[{"href":"https:\/\/ettagoglobal.com\/pl\/wp-json\/wp\/v2\/media?parent=20534"}],"wp:term":[{"taxonomy":"category","embeddable":true,"href":"https:\/\/ettagoglobal.com\/pl\/wp-json\/wp\/v2\/categories?post=20534"},{"taxonomy":"post_tag","embeddable":true,"href":"https:\/\/ettagoglobal.com\/pl\/wp-json\/wp\/v2\/tags?post=20534"}],"curies":[{"name":"wp","href":"https:\/\/api.w.org\/{rel}","templated":true}]}}