{"id":20514,"date":"2012-04-16T10:31:40","date_gmt":"2012-04-16T10:31:40","guid":{"rendered":"http:\/\/ettaconsult.eu\/?p=20514"},"modified":"2022-07-15T14:06:38","modified_gmt":"2022-07-15T14:06:38","slug":"etta-gra-na-xv-edycji-kongresu-kadry","status":"publish","type":"post","link":"https:\/\/ettagoglobal.com\/pl\/etta-gra-na-xv-edycji-kongresu-kadry\/","title":{"rendered":"ETTA gra na XV edycji Kongresu Kadry!"},"content":{"rendered":"<p><strong><img decoding=\"async\" class=\"size-full wp-image-26100 alignleft\" src=\"https:\/\/ettagoglobal.com\/wp-content\/uploads\/2012\/04\/106.jpg\" alt=\"\" width=\"162\" height=\"162\" srcset=\"https:\/\/ettagoglobal.com\/wp-content\/uploads\/2012\/04\/106.jpg 162w, https:\/\/ettagoglobal.com\/wp-content\/uploads\/2012\/04\/106-100x100.jpg 100w, https:\/\/ettagoglobal.com\/wp-content\/uploads\/2012\/04\/106-150x150.jpg 150w\" sizes=\"(max-width: 162px) 100vw, 162px\" \/>XV Kongres Kadry<\/strong>\u00a0odb\u0119dzie si\u0119 w&nbsp;dniach\u00a0<strong>23-25 kwietnia w&nbsp;Warszawie<\/strong>. Najbli\u017csza edycja wydarzenia po\u015bwi\u0119cona b\u0119dzie strategicznej roli HR w&nbsp;organizacji i&nbsp;przebiegnie pod&nbsp;has\u0142em \u201e<strong>W&nbsp;co gra HR?<\/strong>\u201e. W&nbsp;programie przewidziano liczne wyst\u0105pienia ekspert\u00f3w i&nbsp;praktyk\u00f3w zarz\u0105dzania, kt\u00f3rzy podziel\u0105 si\u0119 bogatym do\u015bwiadczeniem, zaprezentuj\u0105 najciekawsze wdro\u017cenia projekt\u00f3w HR oraz&nbsp;podejm\u0105 dyskusj\u0119: jak biznes mo\u017ce czerpa\u0107 ze sportu.<\/p>\n<p><strong>ETTA<\/strong> po&nbsp;raz kolejny zagra na&nbsp;Kongresie Kadry i&nbsp;zaprezentuje si\u0119 w&nbsp;ramach \u015bcie\u017cki\u00a0 tematycznej\u00a0<strong>\u201ePracownicy jutra\u201d.<\/strong>\u00a0Wyst\u0105pienie po\u015bwi\u0119cone b\u0119dzie zagadnienia takim jak\u00a0<strong>wielokulturowo\u015b\u0107, digitalizacja i&nbsp;synergia w&nbsp;globalnej organizacji.\u00a0<\/strong><\/p>\n<p>Na&nbsp;wsp\u00f3lnej sesji\u00a0<strong>\u201eStaying connected \u2013 miks kultur i&nbsp;pokole\u0144 w&nbsp;globalnej sieci\u201d<\/strong>\u00a0<strong>Monika Chutnik z&nbsp;ETTA i\u00a0 Agnieszk\u0105 Marciniak z&nbsp;Teleca Poland<\/strong>\u00a0zaserwuj\u0105 wprowadzenie w&nbsp;tematyk\u0119 r\u00f3\u017cnorodno\u015bci kulturowej i&nbsp;wiekowej oraz&nbsp;przedstawi\u0105 dobre praktyki wypracowane globalnie przez&nbsp;HR w&nbsp;firmie Teleca. Wi\u0119cej informacji na\u00a0<a href=\"http:\/\/kongreskadry.pl\/program\/wyklad\/33\">stronie Kongresu Kadry.<\/a><\/p>\n<p>Grasz z&nbsp;nami? 23 kwietnia, godzina 13:00 \u2013 14:00, Hotel Intercontinental. Zapraszamy tak\u017ce do&nbsp;zapoznania si\u0119 z\u00a0<a href=\"http:\/\/kongreskadry.pl\/\">programem XV Kongresu Kadry<\/a>.<\/p>\n<p><img decoding=\"async\" class=\"size-full wp-image-26098 alignleft\" src=\"https:\/\/ettagoglobal.com\/wp-content\/uploads\/2012\/04\/107.jpg\" alt=\"\" width=\"300\" height=\"100\" \/><\/p>\n","protected":false},"excerpt":{"rendered":"<p>XV Kongres Kadry\u00a0odb\u0119dzie si\u0119 w&nbsp;dniach\u00a023-25 kwietnia w&nbsp;Warszawie. Najbli\u017csza edycja wydarzenia po\u015bwi\u0119cona b\u0119dzie strategicznej roli HR w&nbsp;organizacji i&nbsp;przebiegnie pod&nbsp;has\u0142em \u201eW&nbsp;co gra &hellip; <\/p>\n","protected":false},"author":1,"featured_media":20516,"comment_status":"closed","ping_status":"closed","sticky":false,"template":"","format":"standard","meta":{"_acf_changed":false,"footnotes":"","_links_to":"","_links_to_target":""},"categories":[1],"tags":[64,79,81,75,96,83],"class_list":["post-20514","post","type-post","status-publish","format-standard","has-post-thumbnail","hentry","category-case-study","tag-etta-doradztwo-i-treningi-dla-biznesu","tag-kompetencje-menedzerskie","tag-kongres-kadry","tag-monika-chutnik","tag-zespoly-globalne","tag-zespoly-wirtualne"],"acf":[],"yoast_head":"<!-- This site is optimized with the Yoast SEO plugin v27.3 - https:\/\/yoast.com\/product\/yoast-seo-wordpress\/ -->\n<title>ETTA gra na XV edycji Kongresu Kadry! - ETTA<\/title>\n<meta name=\"robots\" content=\"index, follow, max-snippet:-1, max-image-preview:large, max-video-preview:-1\" \/>\n<link rel=\"canonical\" href=\"https:\/\/ettagoglobal.com\/pl\/etta-gra-na-xv-edycji-kongresu-kadry\/\" \/>\n<meta property=\"og:locale\" content=\"pl_PL\" \/>\n<meta property=\"og:type\" content=\"article\" \/>\n<meta property=\"og:title\" content=\"ETTA gra na XV edycji Kongresu Kadry! - ETTA\" \/>\n<meta property=\"og:description\" content=\"XV Kongres Kadry\u00a0odb\u0119dzie si\u0119 w&nbsp;dniach\u00a023-25 kwietnia w&nbsp;Warszawie. Najbli\u017csza edycja wydarzenia po\u015bwi\u0119cona b\u0119dzie strategicznej roli HR w&nbsp;organizacji i&nbsp;przebiegnie pod&nbsp;has\u0142em \u201eW&nbsp;co gra &hellip;\" \/>\n<meta property=\"og:url\" content=\"https:\/\/ettagoglobal.com\/pl\/etta-gra-na-xv-edycji-kongresu-kadry\/\" \/>\n<meta property=\"og:site_name\" content=\"ETTA\" \/>\n<meta property=\"article:published_time\" content=\"2012-04-16T10:31:40+00:00\" \/>\n<meta property=\"article:modified_time\" content=\"2022-07-15T14:06:38+00:00\" \/>\n<meta property=\"og:image\" content=\"https:\/\/ettagoglobal.com\/wp-content\/uploads\/2022\/02\/etta_logo_retina-1.png\" \/>\n\t<meta property=\"og:image:width\" content=\"410\" \/>\n\t<meta property=\"og:image:height\" content=\"150\" \/>\n\t<meta property=\"og:image:type\" content=\"image\/png\" \/>\n<meta name=\"author\" content=\"admin\" \/>\n<meta name=\"twitter:card\" content=\"summary_large_image\" \/>\n<meta name=\"twitter:label1\" content=\"Napisane przez\" \/>\n\t<meta name=\"twitter:data1\" content=\"admin\" \/>\n\t<meta name=\"twitter:label2\" content=\"Szacowany czas czytania\" \/>\n\t<meta name=\"twitter:data2\" content=\"2 minuty\" \/>\n<script type=\"application\/ld+json\" class=\"yoast-schema-graph\">{\"@context\":\"https:\\\/\\\/schema.org\",\"@graph\":[{\"@type\":\"Article\",\"@id\":\"https:\\\/\\\/ettagoglobal.com\\\/pl\\\/etta-gra-na-xv-edycji-kongresu-kadry\\\/#article\",\"isPartOf\":{\"@id\":\"https:\\\/\\\/ettagoglobal.com\\\/pl\\\/etta-gra-na-xv-edycji-kongresu-kadry\\\/\"},\"author\":{\"name\":\"admin\",\"@id\":\"https:\\\/\\\/ettagoglobal.com\\\/#\\\/schema\\\/person\\\/0ec198e9f69d021b822ba3f380abaadd\"},\"headline\":\"ETTA gra na XV edycji Kongresu Kadry!\",\"datePublished\":\"2012-04-16T10:31:40+00:00\",\"dateModified\":\"2022-07-15T14:06:38+00:00\",\"mainEntityOfPage\":{\"@id\":\"https:\\\/\\\/ettagoglobal.com\\\/pl\\\/etta-gra-na-xv-edycji-kongresu-kadry\\\/\"},\"wordCount\":183,\"image\":{\"@id\":\"https:\\\/\\\/ettagoglobal.com\\\/pl\\\/etta-gra-na-xv-edycji-kongresu-kadry\\\/#primaryimage\"},\"thumbnailUrl\":\"\",\"keywords\":[\"etta Doradztwo i Treningi dla Biznesu\",\"kompetencje mened\u017cerskie\",\"Kongres Kadry\",\"Monika Chutnik\",\"zespo\u0142y globalne\",\"zespo\u0142y wirtualne\"],\"articleSection\":[\"Case study\"],\"inLanguage\":\"pl-PL\"},{\"@type\":\"WebPage\",\"@id\":\"https:\\\/\\\/ettagoglobal.com\\\/pl\\\/etta-gra-na-xv-edycji-kongresu-kadry\\\/\",\"url\":\"https:\\\/\\\/ettagoglobal.com\\\/pl\\\/etta-gra-na-xv-edycji-kongresu-kadry\\\/\",\"name\":\"ETTA gra na XV edycji Kongresu Kadry! - ETTA\",\"isPartOf\":{\"@id\":\"https:\\\/\\\/ettagoglobal.com\\\/#website\"},\"primaryImageOfPage\":{\"@id\":\"https:\\\/\\\/ettagoglobal.com\\\/pl\\\/etta-gra-na-xv-edycji-kongresu-kadry\\\/#primaryimage\"},\"image\":{\"@id\":\"https:\\\/\\\/ettagoglobal.com\\\/pl\\\/etta-gra-na-xv-edycji-kongresu-kadry\\\/#primaryimage\"},\"thumbnailUrl\":\"\",\"datePublished\":\"2012-04-16T10:31:40+00:00\",\"dateModified\":\"2022-07-15T14:06:38+00:00\",\"author\":{\"@id\":\"https:\\\/\\\/ettagoglobal.com\\\/#\\\/schema\\\/person\\\/0ec198e9f69d021b822ba3f380abaadd\"},\"breadcrumb\":{\"@id\":\"https:\\\/\\\/ettagoglobal.com\\\/pl\\\/etta-gra-na-xv-edycji-kongresu-kadry\\\/#breadcrumb\"},\"inLanguage\":\"pl-PL\",\"potentialAction\":[{\"@type\":\"ReadAction\",\"target\":[\"https:\\\/\\\/ettagoglobal.com\\\/pl\\\/etta-gra-na-xv-edycji-kongresu-kadry\\\/\"]}]},{\"@type\":\"ImageObject\",\"inLanguage\":\"pl-PL\",\"@id\":\"https:\\\/\\\/ettagoglobal.com\\\/pl\\\/etta-gra-na-xv-edycji-kongresu-kadry\\\/#primaryimage\",\"url\":\"\",\"contentUrl\":\"\"},{\"@type\":\"BreadcrumbList\",\"@id\":\"https:\\\/\\\/ettagoglobal.com\\\/pl\\\/etta-gra-na-xv-edycji-kongresu-kadry\\\/#breadcrumb\",\"itemListElement\":[{\"@type\":\"ListItem\",\"position\":1,\"name\":\"Strona g\u0142\u00f3wna\",\"item\":\"https:\\\/\\\/ettagoglobal.com\\\/pl\\\/home-2\\\/\"},{\"@type\":\"ListItem\",\"position\":2,\"name\":\"ETTA gra na XV edycji Kongresu Kadry!\"}]},{\"@type\":\"WebSite\",\"@id\":\"https:\\\/\\\/ettagoglobal.com\\\/#website\",\"url\":\"https:\\\/\\\/ettagoglobal.com\\\/\",\"name\":\"ETTA\",\"description\":\"Global Connections. Let&#039;s do it bETTA!\",\"potentialAction\":[{\"@type\":\"SearchAction\",\"target\":{\"@type\":\"EntryPoint\",\"urlTemplate\":\"https:\\\/\\\/ettagoglobal.com\\\/?s={search_term_string}\"},\"query-input\":{\"@type\":\"PropertyValueSpecification\",\"valueRequired\":true,\"valueName\":\"search_term_string\"}}],\"inLanguage\":\"pl-PL\"},{\"@type\":\"Person\",\"@id\":\"https:\\\/\\\/ettagoglobal.com\\\/#\\\/schema\\\/person\\\/0ec198e9f69d021b822ba3f380abaadd\",\"name\":\"admin\",\"sameAs\":[\"https:\\\/\\\/etta.sellwise.cfolks.pl\"],\"url\":\"https:\\\/\\\/ettagoglobal.com\\\/pl\\\/author\\\/bcebrzyna\\\/\"}]}<\/script>\n<!-- \/ Yoast SEO plugin. -->","yoast_head_json":{"title":"ETTA gra na XV edycji Kongresu Kadry! - ETTA","robots":{"index":"index","follow":"follow","max-snippet":"max-snippet:-1","max-image-preview":"max-image-preview:large","max-video-preview":"max-video-preview:-1"},"canonical":"https:\/\/ettagoglobal.com\/pl\/etta-gra-na-xv-edycji-kongresu-kadry\/","og_locale":"pl_PL","og_type":"article","og_title":"ETTA gra na XV edycji Kongresu Kadry! - ETTA","og_description":"XV Kongres Kadry\u00a0odb\u0119dzie si\u0119 w&nbsp;dniach\u00a023-25 kwietnia w&nbsp;Warszawie. Najbli\u017csza edycja wydarzenia po\u015bwi\u0119cona b\u0119dzie strategicznej roli HR w&nbsp;organizacji i&nbsp;przebiegnie pod&nbsp;has\u0142em \u201eW&nbsp;co gra &hellip;","og_url":"https:\/\/ettagoglobal.com\/pl\/etta-gra-na-xv-edycji-kongresu-kadry\/","og_site_name":"ETTA","article_published_time":"2012-04-16T10:31:40+00:00","article_modified_time":"2022-07-15T14:06:38+00:00","og_image":[{"width":410,"height":150,"url":"https:\/\/ettagoglobal.com\/wp-content\/uploads\/2022\/02\/etta_logo_retina-1.png","type":"image\/png"}],"author":"admin","twitter_card":"summary_large_image","twitter_misc":{"Napisane przez":"admin","Szacowany czas czytania":"2 minuty"},"schema":{"@context":"https:\/\/schema.org","@graph":[{"@type":"Article","@id":"https:\/\/ettagoglobal.com\/pl\/etta-gra-na-xv-edycji-kongresu-kadry\/#article","isPartOf":{"@id":"https:\/\/ettagoglobal.com\/pl\/etta-gra-na-xv-edycji-kongresu-kadry\/"},"author":{"name":"admin","@id":"https:\/\/ettagoglobal.com\/#\/schema\/person\/0ec198e9f69d021b822ba3f380abaadd"},"headline":"ETTA gra na XV edycji Kongresu Kadry!","datePublished":"2012-04-16T10:31:40+00:00","dateModified":"2022-07-15T14:06:38+00:00","mainEntityOfPage":{"@id":"https:\/\/ettagoglobal.com\/pl\/etta-gra-na-xv-edycji-kongresu-kadry\/"},"wordCount":183,"image":{"@id":"https:\/\/ettagoglobal.com\/pl\/etta-gra-na-xv-edycji-kongresu-kadry\/#primaryimage"},"thumbnailUrl":"","keywords":["etta Doradztwo i Treningi dla Biznesu","kompetencje mened\u017cerskie","Kongres Kadry","Monika Chutnik","zespo\u0142y globalne","zespo\u0142y wirtualne"],"articleSection":["Case study"],"inLanguage":"pl-PL"},{"@type":"WebPage","@id":"https:\/\/ettagoglobal.com\/pl\/etta-gra-na-xv-edycji-kongresu-kadry\/","url":"https:\/\/ettagoglobal.com\/pl\/etta-gra-na-xv-edycji-kongresu-kadry\/","name":"ETTA gra na XV edycji Kongresu Kadry! - ETTA","isPartOf":{"@id":"https:\/\/ettagoglobal.com\/#website"},"primaryImageOfPage":{"@id":"https:\/\/ettagoglobal.com\/pl\/etta-gra-na-xv-edycji-kongresu-kadry\/#primaryimage"},"image":{"@id":"https:\/\/ettagoglobal.com\/pl\/etta-gra-na-xv-edycji-kongresu-kadry\/#primaryimage"},"thumbnailUrl":"","datePublished":"2012-04-16T10:31:40+00:00","dateModified":"2022-07-15T14:06:38+00:00","author":{"@id":"https:\/\/ettagoglobal.com\/#\/schema\/person\/0ec198e9f69d021b822ba3f380abaadd"},"breadcrumb":{"@id":"https:\/\/ettagoglobal.com\/pl\/etta-gra-na-xv-edycji-kongresu-kadry\/#breadcrumb"},"inLanguage":"pl-PL","potentialAction":[{"@type":"ReadAction","target":["https:\/\/ettagoglobal.com\/pl\/etta-gra-na-xv-edycji-kongresu-kadry\/"]}]},{"@type":"ImageObject","inLanguage":"pl-PL","@id":"https:\/\/ettagoglobal.com\/pl\/etta-gra-na-xv-edycji-kongresu-kadry\/#primaryimage","url":"","contentUrl":""},{"@type":"BreadcrumbList","@id":"https:\/\/ettagoglobal.com\/pl\/etta-gra-na-xv-edycji-kongresu-kadry\/#breadcrumb","itemListElement":[{"@type":"ListItem","position":1,"name":"Strona g\u0142\u00f3wna","item":"https:\/\/ettagoglobal.com\/pl\/home-2\/"},{"@type":"ListItem","position":2,"name":"ETTA gra na XV edycji Kongresu Kadry!"}]},{"@type":"WebSite","@id":"https:\/\/ettagoglobal.com\/#website","url":"https:\/\/ettagoglobal.com\/","name":"ETTA","description":"Global Connections. Let&#039;s do it bETTA!","potentialAction":[{"@type":"SearchAction","target":{"@type":"EntryPoint","urlTemplate":"https:\/\/ettagoglobal.com\/?s={search_term_string}"},"query-input":{"@type":"PropertyValueSpecification","valueRequired":true,"valueName":"search_term_string"}}],"inLanguage":"pl-PL"},{"@type":"Person","@id":"https:\/\/ettagoglobal.com\/#\/schema\/person\/0ec198e9f69d021b822ba3f380abaadd","name":"admin","sameAs":["https:\/\/etta.sellwise.cfolks.pl"],"url":"https:\/\/ettagoglobal.com\/pl\/author\/bcebrzyna\/"}]}},"_links":{"self":[{"href":"https:\/\/ettagoglobal.com\/pl\/wp-json\/wp\/v2\/posts\/20514","targetHints":{"allow":["GET"]}}],"collection":[{"href":"https:\/\/ettagoglobal.com\/pl\/wp-json\/wp\/v2\/posts"}],"about":[{"href":"https:\/\/ettagoglobal.com\/pl\/wp-json\/wp\/v2\/types\/post"}],"author":[{"embeddable":true,"href":"https:\/\/ettagoglobal.com\/pl\/wp-json\/wp\/v2\/users\/1"}],"replies":[{"embeddable":true,"href":"https:\/\/ettagoglobal.com\/pl\/wp-json\/wp\/v2\/comments?post=20514"}],"version-history":[{"count":0,"href":"https:\/\/ettagoglobal.com\/pl\/wp-json\/wp\/v2\/posts\/20514\/revisions"}],"wp:featuredmedia":[{"embeddable":true,"href":"https:\/\/ettagoglobal.com\/pl\/wp-json\/"}],"wp:attachment":[{"href":"https:\/\/ettagoglobal.com\/pl\/wp-json\/wp\/v2\/media?parent=20514"}],"wp:term":[{"taxonomy":"category","embeddable":true,"href":"https:\/\/ettagoglobal.com\/pl\/wp-json\/wp\/v2\/categories?post=20514"},{"taxonomy":"post_tag","embeddable":true,"href":"https:\/\/ettagoglobal.com\/pl\/wp-json\/wp\/v2\/tags?post=20514"}],"curies":[{"name":"wp","href":"https:\/\/api.w.org\/{rel}","templated":true}]}}