{"id":20510,"date":"2012-04-14T10:29:09","date_gmt":"2012-04-14T10:29:09","guid":{"rendered":"http:\/\/ettaconsult.eu\/?p=20510"},"modified":"2022-07-15T14:05:36","modified_gmt":"2022-07-15T14:05:36","slug":"przeczytaj-artykuly-ekspertow-etta-w-kwietniowym-magazynie-personel-plus-2","status":"publish","type":"post","link":"https:\/\/ettagoglobal.com\/pl\/przeczytaj-artykuly-ekspertow-etta-w-kwietniowym-magazynie-personel-plus-2\/","title":{"rendered":"Przeczytaj artyku\u0142y ekspert\u00f3w ETTA w kwietniowym magazynie Personel Plus!"},"content":{"rendered":"<p><img decoding=\"async\" class=\"size-full wp-image-26095 alignleft\" src=\"https:\/\/ettagoglobal.com\/wp-content\/uploads\/2012\/04\/personel-plus-nr-4-2012-120x150-1.jpg\" alt=\"\" width=\"102\" height=\"128\" \/>Kwietniowy numer Magazynu<strong>\u00a0Personel Plus\u00a0<\/strong>po\u015bwi\u0119cony jest tematowi\u00a0<strong>Pracownik 50+ (nie)zb\u0119dny w&nbsp;firmie.\u00a0<\/strong><\/p>\n<p>Eksperci ETTA dziel\u0105 si\u0119 wiedz\u0105 i&nbsp;do\u015bwiadczeniami z&nbsp;obszaru zarz\u0105dzania wiekiem i&nbsp;zarz\u0105dzania r\u00f3\u017cnorodno\u015bci\u0105 wiekow\u0105.<\/p>\n<p><strong>\u201eZarz\u0105dzanie wiekiem \u2013 nie ma si\u0119 czego ba\u0107\u201d\u00a0Katarzyna Romanowicz i&nbsp;Tadeusz Reimus<\/strong><\/p>\n<p><em>Inwestycja w&nbsp;\u015bwiadome korzystanie z&nbsp;r\u00f3\u017cnorodno\u015bci wiekowej zwraca si\u0119 w&nbsp;postaci sprawniej pracuj\u0105cego zespo\u0142u. Zwi\u0119ksza si\u0119 r\u00f3wnie\u017c jego elastyczno\u015b\u0107 i&nbsp;umiej\u0119tno\u015b\u0107 reagowania na&nbsp;czynniki zewn\u0119trzne. M\u0142odsi zapewni\u0105 szybk\u0105 reakcj\u0119 bez strachu przed konsekwencjami, starsi dadz\u0105 im do\u015bwiadczenie i&nbsp;wiedz\u0119 wynikaj\u0105c\u0105 z&nbsp;prze\u017cycia wielu podobnych sytuacji w&nbsp;przesz\u0142o\u015bci.<\/em><\/p>\n<p><strong>\u201eWyznaczamy sobie mo\u017cliwe cele\u201d\u00a0Monika Chutnik\u00a0<\/strong><\/p>\n<p><em>Temat zarz\u0105dzania wiekiem staje si\u0119 z&nbsp;miesi\u0105ca na&nbsp;miesi\u0105c coraz g\u0142o\u015bniejszy i&nbsp;coraz wi\u0119cej os\u00f3b zauwa\u017ca jego wag\u0119. W&nbsp;uj\u0119ciu czysto biznesowym \u2013 dla&nbsp;os\u00f3b prowadz\u0105cych dzia\u0142alno\u015b\u0107 lub&nbsp;maj\u0105cych wp\u0142yw na&nbsp;polityk\u0119 personaln\u0105 firm \u2013 odpowiednie korzystanie z&nbsp;szerokiego wachlarza wiekowego zasob\u00f3w ludzkich mo\u017ce przynie\u015b\u0107 wymierne korzy\u015bci. Mowa tu o&nbsp;zyskach zar\u00f3wno ze strony pracodawcy jak i&nbsp;zatrudnionych.<\/em><\/p>\n<p><a href=\"http:\/\/www.profinfo.pl\/hr-kadry\/kariera-i-praca\/p,personel-plus-poszczegolne-numery-czasopisma,39352.html\">Personel Plus 4\/2012\u00a0<\/a><\/p>\n<p>Polecamy!<\/p>\n","protected":false},"excerpt":{"rendered":"<p>Kwietniowy numer Magazynu\u00a0Personel Plus\u00a0po\u015bwi\u0119cony jest tematowi\u00a0Pracownik 50+ (nie)zb\u0119dny w&nbsp;firmie.\u00a0 Eksperci ETTA dziel\u0105 si\u0119 wiedz\u0105 i&nbsp;do\u015bwiadczeniami z&nbsp;obszaru zarz\u0105dzania wiekiem i&nbsp;zarz\u0105dzania r\u00f3\u017cnorodno\u015bci\u0105 &hellip; <\/p>\n","protected":false},"author":1,"featured_media":0,"comment_status":"closed","ping_status":"closed","sticky":false,"template":"","format":"standard","meta":{"_acf_changed":false,"footnotes":"","_links_to":"","_links_to_target":""},"categories":[1],"tags":[89,75,90,91,68,92,93,62],"class_list":["post-20510","post","type-post","status-publish","format-standard","hentry","category-case-study","tag-katarzyna-romanowicz","tag-monika-chutnik","tag-personel-plus","tag-tadeusz-reimus","tag-trenerzy-etta","tag-zarzadzanie-miedzypokoleniowe","tag-zarzadzanie-roznorodnoscia-wiekowa","tag-zarzadzanie-wiekiem"],"acf":[],"yoast_head":"<!-- This site is optimized with the Yoast SEO plugin v27.3 - https:\/\/yoast.com\/product\/yoast-seo-wordpress\/ -->\n<title>Przeczytaj artyku\u0142y ekspert\u00f3w ETTA w kwietniowym magazynie Personel Plus! - ETTA<\/title>\n<meta name=\"robots\" content=\"index, follow, max-snippet:-1, max-image-preview:large, max-video-preview:-1\" \/>\n<link rel=\"canonical\" href=\"https:\/\/ettagoglobal.com\/pl\/przeczytaj-artykuly-ekspertow-etta-w-kwietniowym-magazynie-personel-plus-2\/\" \/>\n<meta property=\"og:locale\" content=\"pl_PL\" \/>\n<meta property=\"og:type\" content=\"article\" \/>\n<meta property=\"og:title\" content=\"Przeczytaj artyku\u0142y ekspert\u00f3w ETTA w kwietniowym magazynie Personel Plus! - ETTA\" \/>\n<meta property=\"og:description\" content=\"Kwietniowy numer Magazynu\u00a0Personel Plus\u00a0po\u015bwi\u0119cony jest tematowi\u00a0Pracownik 50+ (nie)zb\u0119dny w&nbsp;firmie.\u00a0 Eksperci ETTA dziel\u0105 si\u0119 wiedz\u0105 i&nbsp;do\u015bwiadczeniami z&nbsp;obszaru zarz\u0105dzania wiekiem i&nbsp;zarz\u0105dzania r\u00f3\u017cnorodno\u015bci\u0105 &hellip;\" \/>\n<meta property=\"og:url\" content=\"https:\/\/ettagoglobal.com\/pl\/przeczytaj-artykuly-ekspertow-etta-w-kwietniowym-magazynie-personel-plus-2\/\" \/>\n<meta property=\"og:site_name\" content=\"ETTA\" \/>\n<meta property=\"article:published_time\" content=\"2012-04-14T10:29:09+00:00\" \/>\n<meta property=\"article:modified_time\" content=\"2022-07-15T14:05:36+00:00\" \/>\n<meta property=\"og:image\" content=\"https:\/\/ettagoglobal.com\/wp-content\/uploads\/2012\/04\/personel-plus-nr-4-2012-120x150-1.jpg\" \/>\n<meta name=\"author\" content=\"admin\" \/>\n<meta name=\"twitter:card\" content=\"summary_large_image\" \/>\n<meta name=\"twitter:label1\" content=\"Napisane przez\" \/>\n\t<meta name=\"twitter:data1\" content=\"admin\" \/>\n\t<meta name=\"twitter:label2\" content=\"Szacowany czas czytania\" \/>\n\t<meta name=\"twitter:data2\" content=\"1 minuta\" \/>\n<script type=\"application\/ld+json\" class=\"yoast-schema-graph\">{\"@context\":\"https:\\\/\\\/schema.org\",\"@graph\":[{\"@type\":\"Article\",\"@id\":\"https:\\\/\\\/ettagoglobal.com\\\/pl\\\/przeczytaj-artykuly-ekspertow-etta-w-kwietniowym-magazynie-personel-plus-2\\\/#article\",\"isPartOf\":{\"@id\":\"https:\\\/\\\/ettagoglobal.com\\\/pl\\\/przeczytaj-artykuly-ekspertow-etta-w-kwietniowym-magazynie-personel-plus-2\\\/\"},\"author\":{\"name\":\"admin\",\"@id\":\"https:\\\/\\\/ettagoglobal.com\\\/#\\\/schema\\\/person\\\/0ec198e9f69d021b822ba3f380abaadd\"},\"headline\":\"Przeczytaj artyku\u0142y ekspert\u00f3w ETTA w kwietniowym magazynie Personel Plus!\",\"datePublished\":\"2012-04-14T10:29:09+00:00\",\"dateModified\":\"2022-07-15T14:05:36+00:00\",\"mainEntityOfPage\":{\"@id\":\"https:\\\/\\\/ettagoglobal.com\\\/pl\\\/przeczytaj-artykuly-ekspertow-etta-w-kwietniowym-magazynie-personel-plus-2\\\/\"},\"wordCount\":205,\"image\":{\"@id\":\"https:\\\/\\\/ettagoglobal.com\\\/pl\\\/przeczytaj-artykuly-ekspertow-etta-w-kwietniowym-magazynie-personel-plus-2\\\/#primaryimage\"},\"thumbnailUrl\":\"https:\\\/\\\/ettagoglobal.com\\\/wp-content\\\/uploads\\\/2012\\\/04\\\/personel-plus-nr-4-2012-120x150-1.jpg\",\"keywords\":[\"Katarzyna Romanowicz\",\"Monika Chutnik\",\"Personel Plus\",\"Tadeusz Reimus\",\"trenerzy ETTA\",\"zarz\u0105dzanie mi\u0119dzypokoleniowe\",\"zarz\u0105dzanie r\u00f3\u017cnorodno\u015bci\u0105 wiekow\u0105\",\"zarz\u0105dzanie wiekiem\"],\"articleSection\":[\"Case study\"],\"inLanguage\":\"pl-PL\"},{\"@type\":\"WebPage\",\"@id\":\"https:\\\/\\\/ettagoglobal.com\\\/pl\\\/przeczytaj-artykuly-ekspertow-etta-w-kwietniowym-magazynie-personel-plus-2\\\/\",\"url\":\"https:\\\/\\\/ettagoglobal.com\\\/pl\\\/przeczytaj-artykuly-ekspertow-etta-w-kwietniowym-magazynie-personel-plus-2\\\/\",\"name\":\"Przeczytaj artyku\u0142y ekspert\u00f3w ETTA w kwietniowym magazynie Personel Plus! - ETTA\",\"isPartOf\":{\"@id\":\"https:\\\/\\\/ettagoglobal.com\\\/#website\"},\"primaryImageOfPage\":{\"@id\":\"https:\\\/\\\/ettagoglobal.com\\\/pl\\\/przeczytaj-artykuly-ekspertow-etta-w-kwietniowym-magazynie-personel-plus-2\\\/#primaryimage\"},\"image\":{\"@id\":\"https:\\\/\\\/ettagoglobal.com\\\/pl\\\/przeczytaj-artykuly-ekspertow-etta-w-kwietniowym-magazynie-personel-plus-2\\\/#primaryimage\"},\"thumbnailUrl\":\"https:\\\/\\\/ettagoglobal.com\\\/wp-content\\\/uploads\\\/2012\\\/04\\\/personel-plus-nr-4-2012-120x150-1.jpg\",\"datePublished\":\"2012-04-14T10:29:09+00:00\",\"dateModified\":\"2022-07-15T14:05:36+00:00\",\"author\":{\"@id\":\"https:\\\/\\\/ettagoglobal.com\\\/#\\\/schema\\\/person\\\/0ec198e9f69d021b822ba3f380abaadd\"},\"breadcrumb\":{\"@id\":\"https:\\\/\\\/ettagoglobal.com\\\/pl\\\/przeczytaj-artykuly-ekspertow-etta-w-kwietniowym-magazynie-personel-plus-2\\\/#breadcrumb\"},\"inLanguage\":\"pl-PL\",\"potentialAction\":[{\"@type\":\"ReadAction\",\"target\":[\"https:\\\/\\\/ettagoglobal.com\\\/pl\\\/przeczytaj-artykuly-ekspertow-etta-w-kwietniowym-magazynie-personel-plus-2\\\/\"]}]},{\"@type\":\"ImageObject\",\"inLanguage\":\"pl-PL\",\"@id\":\"https:\\\/\\\/ettagoglobal.com\\\/pl\\\/przeczytaj-artykuly-ekspertow-etta-w-kwietniowym-magazynie-personel-plus-2\\\/#primaryimage\",\"url\":\"https:\\\/\\\/ettagoglobal.com\\\/wp-content\\\/uploads\\\/2012\\\/04\\\/personel-plus-nr-4-2012-120x150-1.jpg\",\"contentUrl\":\"https:\\\/\\\/ettagoglobal.com\\\/wp-content\\\/uploads\\\/2012\\\/04\\\/personel-plus-nr-4-2012-120x150-1.jpg\"},{\"@type\":\"BreadcrumbList\",\"@id\":\"https:\\\/\\\/ettagoglobal.com\\\/pl\\\/przeczytaj-artykuly-ekspertow-etta-w-kwietniowym-magazynie-personel-plus-2\\\/#breadcrumb\",\"itemListElement\":[{\"@type\":\"ListItem\",\"position\":1,\"name\":\"Strona g\u0142\u00f3wna\",\"item\":\"https:\\\/\\\/ettagoglobal.com\\\/pl\\\/home-2\\\/\"},{\"@type\":\"ListItem\",\"position\":2,\"name\":\"Przeczytaj artyku\u0142y ekspert\u00f3w ETTA w kwietniowym magazynie Personel Plus!\"}]},{\"@type\":\"WebSite\",\"@id\":\"https:\\\/\\\/ettagoglobal.com\\\/#website\",\"url\":\"https:\\\/\\\/ettagoglobal.com\\\/\",\"name\":\"ETTA\",\"description\":\"Global Connections. Let&#039;s do it bETTA!\",\"potentialAction\":[{\"@type\":\"SearchAction\",\"target\":{\"@type\":\"EntryPoint\",\"urlTemplate\":\"https:\\\/\\\/ettagoglobal.com\\\/?s={search_term_string}\"},\"query-input\":{\"@type\":\"PropertyValueSpecification\",\"valueRequired\":true,\"valueName\":\"search_term_string\"}}],\"inLanguage\":\"pl-PL\"},{\"@type\":\"Person\",\"@id\":\"https:\\\/\\\/ettagoglobal.com\\\/#\\\/schema\\\/person\\\/0ec198e9f69d021b822ba3f380abaadd\",\"name\":\"admin\",\"sameAs\":[\"https:\\\/\\\/etta.sellwise.cfolks.pl\"],\"url\":\"https:\\\/\\\/ettagoglobal.com\\\/pl\\\/author\\\/bcebrzyna\\\/\"}]}<\/script>\n<!-- \/ Yoast SEO plugin. -->","yoast_head_json":{"title":"Przeczytaj artyku\u0142y ekspert\u00f3w ETTA w kwietniowym magazynie Personel Plus! - ETTA","robots":{"index":"index","follow":"follow","max-snippet":"max-snippet:-1","max-image-preview":"max-image-preview:large","max-video-preview":"max-video-preview:-1"},"canonical":"https:\/\/ettagoglobal.com\/pl\/przeczytaj-artykuly-ekspertow-etta-w-kwietniowym-magazynie-personel-plus-2\/","og_locale":"pl_PL","og_type":"article","og_title":"Przeczytaj artyku\u0142y ekspert\u00f3w ETTA w kwietniowym magazynie Personel Plus! - ETTA","og_description":"Kwietniowy numer Magazynu\u00a0Personel Plus\u00a0po\u015bwi\u0119cony jest tematowi\u00a0Pracownik 50+ (nie)zb\u0119dny w&nbsp;firmie.\u00a0 Eksperci ETTA dziel\u0105 si\u0119 wiedz\u0105 i&nbsp;do\u015bwiadczeniami z&nbsp;obszaru zarz\u0105dzania wiekiem i&nbsp;zarz\u0105dzania r\u00f3\u017cnorodno\u015bci\u0105 &hellip;","og_url":"https:\/\/ettagoglobal.com\/pl\/przeczytaj-artykuly-ekspertow-etta-w-kwietniowym-magazynie-personel-plus-2\/","og_site_name":"ETTA","article_published_time":"2012-04-14T10:29:09+00:00","article_modified_time":"2022-07-15T14:05:36+00:00","og_image":[{"url":"https:\/\/ettagoglobal.com\/wp-content\/uploads\/2012\/04\/personel-plus-nr-4-2012-120x150-1.jpg","type":"","width":"","height":""}],"author":"admin","twitter_card":"summary_large_image","twitter_misc":{"Napisane przez":"admin","Szacowany czas czytania":"1 minuta"},"schema":{"@context":"https:\/\/schema.org","@graph":[{"@type":"Article","@id":"https:\/\/ettagoglobal.com\/pl\/przeczytaj-artykuly-ekspertow-etta-w-kwietniowym-magazynie-personel-plus-2\/#article","isPartOf":{"@id":"https:\/\/ettagoglobal.com\/pl\/przeczytaj-artykuly-ekspertow-etta-w-kwietniowym-magazynie-personel-plus-2\/"},"author":{"name":"admin","@id":"https:\/\/ettagoglobal.com\/#\/schema\/person\/0ec198e9f69d021b822ba3f380abaadd"},"headline":"Przeczytaj artyku\u0142y ekspert\u00f3w ETTA w kwietniowym magazynie Personel Plus!","datePublished":"2012-04-14T10:29:09+00:00","dateModified":"2022-07-15T14:05:36+00:00","mainEntityOfPage":{"@id":"https:\/\/ettagoglobal.com\/pl\/przeczytaj-artykuly-ekspertow-etta-w-kwietniowym-magazynie-personel-plus-2\/"},"wordCount":205,"image":{"@id":"https:\/\/ettagoglobal.com\/pl\/przeczytaj-artykuly-ekspertow-etta-w-kwietniowym-magazynie-personel-plus-2\/#primaryimage"},"thumbnailUrl":"https:\/\/ettagoglobal.com\/wp-content\/uploads\/2012\/04\/personel-plus-nr-4-2012-120x150-1.jpg","keywords":["Katarzyna Romanowicz","Monika Chutnik","Personel Plus","Tadeusz Reimus","trenerzy ETTA","zarz\u0105dzanie mi\u0119dzypokoleniowe","zarz\u0105dzanie r\u00f3\u017cnorodno\u015bci\u0105 wiekow\u0105","zarz\u0105dzanie wiekiem"],"articleSection":["Case study"],"inLanguage":"pl-PL"},{"@type":"WebPage","@id":"https:\/\/ettagoglobal.com\/pl\/przeczytaj-artykuly-ekspertow-etta-w-kwietniowym-magazynie-personel-plus-2\/","url":"https:\/\/ettagoglobal.com\/pl\/przeczytaj-artykuly-ekspertow-etta-w-kwietniowym-magazynie-personel-plus-2\/","name":"Przeczytaj artyku\u0142y ekspert\u00f3w ETTA w kwietniowym magazynie Personel Plus! - ETTA","isPartOf":{"@id":"https:\/\/ettagoglobal.com\/#website"},"primaryImageOfPage":{"@id":"https:\/\/ettagoglobal.com\/pl\/przeczytaj-artykuly-ekspertow-etta-w-kwietniowym-magazynie-personel-plus-2\/#primaryimage"},"image":{"@id":"https:\/\/ettagoglobal.com\/pl\/przeczytaj-artykuly-ekspertow-etta-w-kwietniowym-magazynie-personel-plus-2\/#primaryimage"},"thumbnailUrl":"https:\/\/ettagoglobal.com\/wp-content\/uploads\/2012\/04\/personel-plus-nr-4-2012-120x150-1.jpg","datePublished":"2012-04-14T10:29:09+00:00","dateModified":"2022-07-15T14:05:36+00:00","author":{"@id":"https:\/\/ettagoglobal.com\/#\/schema\/person\/0ec198e9f69d021b822ba3f380abaadd"},"breadcrumb":{"@id":"https:\/\/ettagoglobal.com\/pl\/przeczytaj-artykuly-ekspertow-etta-w-kwietniowym-magazynie-personel-plus-2\/#breadcrumb"},"inLanguage":"pl-PL","potentialAction":[{"@type":"ReadAction","target":["https:\/\/ettagoglobal.com\/pl\/przeczytaj-artykuly-ekspertow-etta-w-kwietniowym-magazynie-personel-plus-2\/"]}]},{"@type":"ImageObject","inLanguage":"pl-PL","@id":"https:\/\/ettagoglobal.com\/pl\/przeczytaj-artykuly-ekspertow-etta-w-kwietniowym-magazynie-personel-plus-2\/#primaryimage","url":"https:\/\/ettagoglobal.com\/wp-content\/uploads\/2012\/04\/personel-plus-nr-4-2012-120x150-1.jpg","contentUrl":"https:\/\/ettagoglobal.com\/wp-content\/uploads\/2012\/04\/personel-plus-nr-4-2012-120x150-1.jpg"},{"@type":"BreadcrumbList","@id":"https:\/\/ettagoglobal.com\/pl\/przeczytaj-artykuly-ekspertow-etta-w-kwietniowym-magazynie-personel-plus-2\/#breadcrumb","itemListElement":[{"@type":"ListItem","position":1,"name":"Strona g\u0142\u00f3wna","item":"https:\/\/ettagoglobal.com\/pl\/home-2\/"},{"@type":"ListItem","position":2,"name":"Przeczytaj artyku\u0142y ekspert\u00f3w ETTA w kwietniowym magazynie Personel Plus!"}]},{"@type":"WebSite","@id":"https:\/\/ettagoglobal.com\/#website","url":"https:\/\/ettagoglobal.com\/","name":"ETTA","description":"Global Connections. Let&#039;s do it bETTA!","potentialAction":[{"@type":"SearchAction","target":{"@type":"EntryPoint","urlTemplate":"https:\/\/ettagoglobal.com\/?s={search_term_string}"},"query-input":{"@type":"PropertyValueSpecification","valueRequired":true,"valueName":"search_term_string"}}],"inLanguage":"pl-PL"},{"@type":"Person","@id":"https:\/\/ettagoglobal.com\/#\/schema\/person\/0ec198e9f69d021b822ba3f380abaadd","name":"admin","sameAs":["https:\/\/etta.sellwise.cfolks.pl"],"url":"https:\/\/ettagoglobal.com\/pl\/author\/bcebrzyna\/"}]}},"_links":{"self":[{"href":"https:\/\/ettagoglobal.com\/pl\/wp-json\/wp\/v2\/posts\/20510","targetHints":{"allow":["GET"]}}],"collection":[{"href":"https:\/\/ettagoglobal.com\/pl\/wp-json\/wp\/v2\/posts"}],"about":[{"href":"https:\/\/ettagoglobal.com\/pl\/wp-json\/wp\/v2\/types\/post"}],"author":[{"embeddable":true,"href":"https:\/\/ettagoglobal.com\/pl\/wp-json\/wp\/v2\/users\/1"}],"replies":[{"embeddable":true,"href":"https:\/\/ettagoglobal.com\/pl\/wp-json\/wp\/v2\/comments?post=20510"}],"version-history":[{"count":0,"href":"https:\/\/ettagoglobal.com\/pl\/wp-json\/wp\/v2\/posts\/20510\/revisions"}],"wp:attachment":[{"href":"https:\/\/ettagoglobal.com\/pl\/wp-json\/wp\/v2\/media?parent=20510"}],"wp:term":[{"taxonomy":"category","embeddable":true,"href":"https:\/\/ettagoglobal.com\/pl\/wp-json\/wp\/v2\/categories?post=20510"},{"taxonomy":"post_tag","embeddable":true,"href":"https:\/\/ettagoglobal.com\/pl\/wp-json\/wp\/v2\/tags?post=20510"}],"curies":[{"name":"wp","href":"https:\/\/api.w.org\/{rel}","templated":true}]}}