{"id":17939,"date":"2016-01-20T14:04:27","date_gmt":"2016-01-20T14:04:27","guid":{"rendered":"http:\/\/ettaconsult.eu\/?p=17939"},"modified":"2016-01-20T14:04:27","modified_gmt":"2016-01-20T14:04:27","slug":"miedzynarodowy-projekt-zarzadzanie-roznorodnoscia-na-przykladzie-zarzadzania-wiekiem-zakonczony-sukcesem","status":"publish","type":"post","link":"https:\/\/ettagoglobal.com\/pl\/miedzynarodowy-projekt-zarzadzanie-roznorodnoscia-na-przykladzie-zarzadzania-wiekiem-zakonczony-sukcesem\/","title":{"rendered":"Mi\u0119dzynarodowy projekt \u201cZarz\u0105dzanie r\u00f3\u017cnorodno\u015bci\u0105 na przyk\u0142adzie zarz\u0105dzania wiekiem\u201d \u2013 zako\u0144czony sukcesem!"},"content":{"rendered":"<h2 style=\"text-align: justify;\">Mi\u0119dzynarodowy projekt <strong>\u201cZarz\u0105dzanie R\u00d3\u017bNORODNO\u015aCI\u0104 na&nbsp;przyk\u0142adzie zarz\u0105dzania wiekiem\u201d<\/strong> \u2013 zako\u0144czony sukcesem!<\/h2>\n<p style=\"text-align: justify;\">Dwa lata wsp\u00f3\u0142pracy min\u0119\u0142y jak jeden dzie\u0144!<strong> ETTA Global Leadership Consulting<\/strong> w\u0142a\u015bnie sko\u0144czy\u0142a mi\u0119dzynarodowy projekt \u201eZarz\u0105dzanie r\u00f3\u017cnorodno\u015bci\u0105 na&nbsp;przyk\u0142adzie zarz\u0105dzania wiekiem\u201d w&nbsp;ramach programu Unii Europejskiej \u2013 \u201eLeonardo da Vinci\u201d<\/p>\n<p style=\"text-align: justify;\">Dzi\u015b, prezentujemy wywiad z<strong> Monik\u0105 Chutnik, Dyrektor Zarz\u0105dzaj\u0105c\u0105 ETTA<\/strong>, kt\u00f3ra m\u00f3wi o&nbsp;tym, sk\u0105d wzi\u0105\u0142 si\u0119 pomys\u0142 na&nbsp;udzia\u0142 w&nbsp;tym projekcie i&nbsp;jakie s\u0105 jego efekty. Modu\u0142y, stworzone podczas spotka\u0144 projektowych wzbogaci\u0142y portfolio ETTA w&nbsp;obszarze zarz\u0105dzania r\u00f3\u017cnorodno\u015bci\u0105 wiekow\u0105.<br \/>\nJu\u017c nie mo\u017cemy doczeka\u0107 si\u0119 realizacji nowych projekt\u00f3w rozwojowych stworzonych na&nbsp;bazie naszego programu!<\/p>\n<p style=\"text-align: justify;\"><!--more--><\/p>\n<h3 style=\"text-align: justify;\"><em><span style=\"color: #000000;\"><strong>Sk\u0105d wzi\u0105\u0142 si\u0119 pomys\u0142 na&nbsp;mi\u0119dzynarodow\u0105 wsp\u00f3\u0142prac\u0119 w&nbsp;ramach Leonardo?<\/strong><\/span><\/em><\/h3>\n<p style=\"text-align: justify;\"><span style=\"color: #000000;\"><strong>Monika Chutnik:\u00a0<\/strong>Zostali\u015bmy zaproszeni do&nbsp;projektu przez&nbsp;Sylwi\u0119 Cha\u0142upka-Dunse z&nbsp;Kulturowej Komunikacji w&nbsp;Niemczech. Jej firma zd\u0105\u017cy\u0142a naby\u0107 ju\u017c bogate do\u015bwiadczenie w&nbsp;realizacji projekt\u00f3w w&nbsp;ramach Leonardo. Sylwia ma spor\u0105 wiedz\u0119 na&nbsp;temat tego programu i&nbsp;chcia\u0142a tym razem pracowa\u0107 z&nbsp;nowym partnerem \u2013 ETTA. Obie by\u0142y\u015bmy zainteresowane zag\u0142\u0119bieniem si\u0119 w&nbsp;tajniki zagadnienia zmiany i&nbsp;wsp\u00f3\u0142pracy z&nbsp;partnerami zza granicy. Niewiele p\u00f3\u017aniej, r\u00f3\u017cni ludzie b\u0119d\u0105cy przedstawicielami innych kraj\u00f3w i&nbsp;organizacji tak\u017ce do\u0142\u0105czyli do&nbsp;projektu i&nbsp;Culture Communication zosta\u0142a wybrana liderem do&nbsp;koordynowania wszystkich niezb\u0119dnych aktywno\u015bci.<\/span><\/p>\n<h3 style=\"text-align: justify;\"><em><span style=\"color: #000000;\"><br \/>\nDlaczego zdecydowali\u015bcie si\u0119 skupi\u0107 w\u0142a\u015bnie na&nbsp;obszarze zarz\u0105dzania wiekiem?<\/span><\/em><\/h3>\n<p style=\"text-align: justify;\"><span style=\"color: #000000;\"><br \/>\n<strong>Monika:\u00a0<\/strong>Od pocz\u0105tku by\u0142o jasne, \u017ce&nbsp;zarz\u0105dzanie zmian\u0105 to obszar, kt\u00f3ry chcemy zbada\u0107. Pierwszy dylemat: czy&nbsp;wybrany temat powinien by\u0107 rozpatrywany w&nbsp;szerszym znaczeniu, a&nbsp;mo\u017ce powinni\u015bmy raczej skupi\u0107 si\u0119 na&nbsp;jednym, konkretnym aspekcie r\u00f3\u017cnorodno\u015bci. Omawiaj\u0105c te opcje w&nbsp;fazie przygotowa\u0144, zdecydowali\u015bmy, \u017ce&nbsp;b\u0119dzie nam \u0142atwiej pracowa\u0107 razem, je\u015bli skupimy si\u0119 na&nbsp;wybranym, konkretnym wymiarze r\u00f3\u017cnorodno\u015bci.<br \/>\nJest tak wiele r\u00f3\u017cnych aspekt\u00f3w zmiany: p\u0142e\u0107, LGBT, niepe\u0142nosprawno\u015bci, wiek, kultura, religia i&nbsp;wiele innych. Zdecydowali\u015bmy wybra\u0107 si\u0119 tyko jeden spo\u015br\u00f3d wszystkich mo\u017cliwych i&nbsp;by\u0142o to w\u0142a\u015bnie zarz\u0105dzanie zmian\u0105. Czynnikiem, kt\u00f3ry na&nbsp;pewno mia\u0142 na&nbsp;to wp\u0142yw by\u0142 fakt, \u017ce&nbsp;zrozumienie i&nbsp;dialog pomi\u0119dzy r\u00f3\u017cnymi pokoleniami by\u0142o jednym z&nbsp;priorytet\u00f3w podczas naszej aplikacji na&nbsp;program z&nbsp;UE. To mog\u0142o tak\u017ce podnie\u015b\u0107 nasze szanse na&nbsp;otrzymanie grantu.<br \/> Do&nbsp;tej pory, ETTA zosta\u0142a dobrze zaprezentowana na&nbsp;rynku consultingu czy&nbsp;szkole\u0144 w&nbsp;obszarze zarz\u0105dzania wiekiem. Nasza wiedza i&nbsp;do\u015bwiadczenie by\u0142y jak do&nbsp;tej pory, ca\u0142kiem spore i&nbsp;stwierdzili\u015bmy, \u017ce&nbsp;nadszed\u0142 czas aby&nbsp;podzieli\u0107 si\u0119 tym z&nbsp;naszymi partnerami, co by\u0142o pozytywnym impulsem do&nbsp;rozpocz\u0119cia tej wsp\u00f3\u0142pracy.<\/span><\/p>\n<h3><\/h3>\n<h3 style=\"text-align: justify;\"><em><span style=\"color: #000000;\"><strong>Jak rezultaty tego projektu mog\u0105 wp\u0142yn\u0105\u0107 na&nbsp;wszystkich partner\u00f3w projektu? <\/strong><\/span><\/em><\/h3>\n<p style=\"text-align: justify;\"><span style=\"color: #000000;\"><strong>Monika: <\/strong>Zar\u00f3wno produkt ko\u0144cowy, jak i&nbsp;sam projekt przekroczy\u0142 nasze oczekiwania w&nbsp;pewnym sensie. Pocz\u0105tkowo, przy&nbsp;ubieganiu si\u0119 o&nbsp;wsp\u00f3lny projekt, mogli\u015bmy sobie wyobra\u017ca\u0107, \u017ce&nbsp;szkolenie na&nbsp;temat zarz\u0105dzania r\u00f3\u017cnorodno\u015bci\u0105 wieku powinno by\u0107 dostarczone poprzez jeden, kompleksowy program. Jednak, kiedy eksplorowali\u015bmy problem zarz\u0105dzania wiekiem, zdali\u015bmy sobie sprawi\u0119, \u017ce&nbsp;organizacje i&nbsp;ich potrzeby w&nbsp;tym zakresie, w&nbsp;rzeczywisto\u015bci s\u0105 tak bardzo zr\u00f3\u017cnicowane, \u017ce&nbsp;stworzenie jednego, uniwersalnego szablonu by\u0142oby po&nbsp;prostu niepraktyczne \u2013 dla&nbsp;nich jak i&nbsp;dla nas, jako organu koordynuj\u0105cego.<br \/> Z&nbsp;tego powodu stworzyli\u015bmy co\u015b, co mo\u017cna por\u00f3wna\u0107 do&nbsp;lunchu w&nbsp;formie bufetu &#8211; modu\u0142y, z&nbsp;kt\u00f3rych trenerzy s\u0105 w&nbsp;stanie tworzy\u0107 swoje w\u0142asne, dostosowane do&nbsp;potrzeb uczestnik\u00f3w szkolenia. Ka\u017cdy z&nbsp;tych modu\u0142\u00f3w mo\u017ce by\u0107 u\u017cywany oddzielnie, a&nbsp;opr\u00f3cz tego, mog\u0105 by\u0107 \u0142\u0105czone ze sob\u0105 w&nbsp;celu zorganizowania szkolenia, kt\u00f3re jest odpowiedzi\u0105 na&nbsp;potrzeby danej organizacji.<br \/>\nTa specyficzna konfiguracja z&nbsp;pewno\u015bci\u0105 wzmacnia portfolio ETTA i&nbsp;wzbogaca nasz\u0105 wiedz\u0119. Nasi projektowi partnerzy mieli mo\u017cliwo\u015b\u0107 zweryfikowania ca\u0142ej przygotowanej tre\u015bci, a&nbsp;to pozwoli\u0142o nam na&nbsp;wprowadzanie niezb\u0119dnych korekt. Jako firma, na&nbsp;pewno b\u0119dziemy kontynuowa\u0107 nasz\u0105 dzia\u0142alno\u015b\u0107 consultingow\u0105 czy&nbsp;treningow\u0105 w&nbsp;obszarze zarz\u0105dzania wiekiem i&nbsp;wielopokoleniowych projekt\u00f3w, szczeg\u00f3lnie z&nbsp;tym dodatkowym wzmocnieniem ze strony Leonardo.<\/span><\/p>\n<h3><\/h3>\n<h3 style=\"text-align: justify;\"><em><span style=\"color: #000000;\"><strong>Jaka by\u0142a Twoja rola w&nbsp;projekcie?<\/strong><\/span><\/em><\/h3>\n<p style=\"text-align: justify;\"><span style=\"color: #000000;\"><strong>Monika: <\/strong>Moj\u0105 rol\u0105 by\u0142o wsparcie. ETTA by\u0142a g\u0142\u00f3wnie reprezentowana przez&nbsp;nasze konsultantki: Michalin\u0119 Konkel i&nbsp;Katarzyn\u0119 Chrulsk\u0105. Zapewni\u0142am wszelkie mo\u017cliwe materia\u0142y ETTA z&nbsp;obszaru wiedzy na&nbsp;temat zarz\u0105dzania wiekiem i&nbsp;podzieli\u0142am si\u0119 swoim do\u015bwiadczeniem, bazuj\u0105c na&nbsp;projektach realizowanych przez&nbsp;firm\u0119 w&nbsp;przesz\u0142o\u015b\u0107. Po&nbsp;to aby&nbsp;mog\u0142y podzieli\u0107 si\u0119 tak\u017ce z&nbsp;mi\u0119dzynarodowymi partnerami. Taki udzia\u0142 by\u0142 cenny na&nbsp;pocz\u0105tku projektu. W&nbsp;kolejnych etapach, nasze trenerki przej\u0119\u0142y rol\u0119 liderek podczas przygotowywania dok\u0142adnych pomys\u0142\u00f3w na&nbsp;rozw\u00f3j i&nbsp;zaprojektowanie szczeg\u00f3\u0142owych rozwi\u0105za\u0144. Oczywi\u015bcie, je\u015bli na&nbsp;kt\u00f3rymkolwiek etapie pracy dziewczyny potrzebowa\u0142y mojej pomocy \u2013 mog\u0142y liczy\u0107 na&nbsp;moje wsparcie.<\/span><\/p>\n<h3><\/h3>\n<h3 style=\"text-align: justify;\"><em><span style=\"color: #000000;\"><strong>Jakie s\u0105 Twoje odczucia i&nbsp;wra\u017cenia odno\u015bnie projektu? <\/strong><\/span><\/em><\/h3>\n<p style=\"text-align: justify;\"><span style=\"color: #000000;\"><strong>Monika: <\/strong>Przede wszystkim \u015bwietne znajomo\u015bci \u2013 poznali\u015bmy si\u0119 nawzajem znacznie lepiej co pozwoli\u0142o nam zbudowa\u0107 podstawy do&nbsp;d\u0142ugoletniej pracy w&nbsp;przysz\u0142o\u015bci. Wiedza, kt\u00f3r\u0105 uzyskali\u015bmy w&nbsp;zakresie zarz\u0105dzania wiekiem, by\u0142a tak\u017ce bardzo cenna i&nbsp;rozwijaj\u0105ca.<br \/>\nJest tak\u017ce wiele korzy\u015bci dla&nbsp;firmy \u2013 jako ETTA, nauczyli\u015bmy si\u0119 jak pracowa\u0107 lepiej razem, co w\u0142a\u015bciwie oznacza wsp\u00f3\u0142praca z&nbsp;mi\u0119dzynarodowymi partnerami i&nbsp;jakie konsekwencje czy&nbsp;ryzyka to niesie ze sob\u0105. Je\u015bli w&nbsp;przysz\u0142o\u015bci, zaaplikujemy na&nbsp;podobny projekt, b\u0119dziemy wiedzie\u0107 do&nbsp;czego powinni\u015bmy przywi\u0105za\u0107 szczeg\u00f3ln\u0105 uwag\u0119 i&nbsp;jak zadba\u0107 o&nbsp;jego rozw\u00f3j, kt\u00f3re z&nbsp;cz\u0119\u015bci projektu wymagaj\u0105 regularnego sprawdzania. Mimo wszystko \u2013 ten projekt by\u0142 dla&nbsp;nas bardzo wa\u017cny ze wzgl\u0119du na&nbsp;rozw\u00f3j.<\/span><\/p>\n<h3><\/h3>\n<h3 style=\"text-align: justify;\"><em><span style=\"color: #000000;\"><strong>Czy&nbsp;mo\u017cesz podsumowa\u0107 Leonardo u\u017cywaj\u0105c tylko jednego s\u0142owa?<\/strong><\/span><\/em><\/h3>\n<p style=\"text-align: justify;\"><span style=\"color: #000000;\"><strong>Monika: <\/strong>Chcia\u0142abym, \u017ceby ETTA cz\u0119\u015bciej by\u0142a cz\u0119\u015bci\u0105 takich do\u015bwiadcze\u0144!<\/span><\/p>\n<p style=\"text-align: justify;\"><em>The project was realized within the framework of the program \u201d Lifelong Learning \u2013 Leonardo da Vinci\u201d co-founded by the European Commission. The publisher bears the sole responsibility for the content of this publication. The European Commission is in no way responsible for using this information.<\/em><\/p>\n","protected":false},"excerpt":{"rendered":"<p>Mi\u0119dzynarodowy projekt \u201cZarz\u0105dzanie R\u00d3\u017bNORODNO\u015aCI\u0104 na&nbsp;przyk\u0142adzie zarz\u0105dzania wiekiem\u201d \u2013 zako\u0144czony sukcesem! Dwa lata wsp\u00f3\u0142pracy min\u0119\u0142y jak jeden dzie\u0144! ETTA Global Leadership &hellip; <\/p>\n","protected":false},"author":1,"featured_media":0,"comment_status":"open","ping_status":"open","sticky":false,"template":"","format":"standard","meta":{"_acf_changed":false,"footnotes":"","_links_to":"","_links_to_target":""},"categories":[1],"tags":[],"class_list":["post-17939","post","type-post","status-publish","format-standard","hentry","category-case-study"],"acf":[],"yoast_head":"<!-- This site is optimized with the Yoast SEO plugin v27.3 - https:\/\/yoast.com\/product\/yoast-seo-wordpress\/ -->\n<title>Mi\u0119dzynarodowy projekt \u201cZarz\u0105dzanie r\u00f3\u017cnorodno\u015bci\u0105 na przyk\u0142adzie zarz\u0105dzania wiekiem\u201d \u2013 zako\u0144czony sukcesem!<\/title>\n<meta name=\"description\" content=\"Podsumowanie dwuletniego projektu dot. zarz\u0105dzania r\u00f3\u017cnorodno\u015bci\u0105 wiekow\u0105, realizowanego w ramach wsp\u00f3\u0142pracy z Uni\u0105 Europejsk\u0105.\" \/>\n<meta name=\"robots\" content=\"index, follow, max-snippet:-1, max-image-preview:large, max-video-preview:-1\" \/>\n<link rel=\"canonical\" href=\"https:\/\/ettagoglobal.com\/pl\/miedzynarodowy-projekt-zarzadzanie-roznorodnoscia-na-przykladzie-zarzadzania-wiekiem-zakonczony-sukcesem\/\" \/>\n<meta property=\"og:locale\" content=\"pl_PL\" \/>\n<meta property=\"og:type\" content=\"article\" \/>\n<meta property=\"og:title\" content=\"Mi\u0119dzynarodowy projekt \u201cZarz\u0105dzanie r\u00f3\u017cnorodno\u015bci\u0105 na przyk\u0142adzie zarz\u0105dzania wiekiem\u201d \u2013 zako\u0144czony sukcesem!\" \/>\n<meta property=\"og:description\" content=\"Podsumowanie dwuletniego projektu dot. zarz\u0105dzania r\u00f3\u017cnorodno\u015bci\u0105 wiekow\u0105, realizowanego w ramach wsp\u00f3\u0142pracy z Uni\u0105 Europejsk\u0105.\" \/>\n<meta property=\"og:url\" content=\"https:\/\/ettagoglobal.com\/pl\/miedzynarodowy-projekt-zarzadzanie-roznorodnoscia-na-przykladzie-zarzadzania-wiekiem-zakonczony-sukcesem\/\" \/>\n<meta property=\"og:site_name\" content=\"ETTA\" \/>\n<meta property=\"article:published_time\" content=\"2016-01-20T14:04:27+00:00\" \/>\n<meta property=\"og:image\" content=\"https:\/\/ettagoglobal.com\/wp-content\/uploads\/2022\/02\/etta_logo_retina-1.png\" \/>\n\t<meta property=\"og:image:width\" content=\"410\" \/>\n\t<meta property=\"og:image:height\" content=\"150\" \/>\n\t<meta property=\"og:image:type\" content=\"image\/png\" \/>\n<meta name=\"author\" content=\"admin\" \/>\n<meta name=\"twitter:card\" content=\"summary_large_image\" \/>\n<meta name=\"twitter:label1\" content=\"Napisane przez\" \/>\n\t<meta name=\"twitter:data1\" content=\"admin\" \/>\n\t<meta name=\"twitter:label2\" content=\"Szacowany czas czytania\" \/>\n\t<meta name=\"twitter:data2\" content=\"5 minut\" \/>\n<script type=\"application\/ld+json\" class=\"yoast-schema-graph\">{\"@context\":\"https:\\\/\\\/schema.org\",\"@graph\":[{\"@type\":\"Article\",\"@id\":\"https:\\\/\\\/ettagoglobal.com\\\/pl\\\/miedzynarodowy-projekt-zarzadzanie-roznorodnoscia-na-przykladzie-zarzadzania-wiekiem-zakonczony-sukcesem\\\/#article\",\"isPartOf\":{\"@id\":\"https:\\\/\\\/ettagoglobal.com\\\/pl\\\/miedzynarodowy-projekt-zarzadzanie-roznorodnoscia-na-przykladzie-zarzadzania-wiekiem-zakonczony-sukcesem\\\/\"},\"author\":{\"name\":\"admin\",\"@id\":\"https:\\\/\\\/ettagoglobal.com\\\/#\\\/schema\\\/person\\\/0ec198e9f69d021b822ba3f380abaadd\"},\"headline\":\"Mi\u0119dzynarodowy projekt \u201cZarz\u0105dzanie r\u00f3\u017cnorodno\u015bci\u0105 na przyk\u0142adzie zarz\u0105dzania wiekiem\u201d \u2013 zako\u0144czony sukcesem!\",\"datePublished\":\"2016-01-20T14:04:27+00:00\",\"mainEntityOfPage\":{\"@id\":\"https:\\\/\\\/ettagoglobal.com\\\/pl\\\/miedzynarodowy-projekt-zarzadzanie-roznorodnoscia-na-przykladzie-zarzadzania-wiekiem-zakonczony-sukcesem\\\/\"},\"wordCount\":1068,\"commentCount\":0,\"articleSection\":[\"Case study\"],\"inLanguage\":\"pl-PL\",\"potentialAction\":[{\"@type\":\"CommentAction\",\"name\":\"Comment\",\"target\":[\"https:\\\/\\\/ettagoglobal.com\\\/pl\\\/miedzynarodowy-projekt-zarzadzanie-roznorodnoscia-na-przykladzie-zarzadzania-wiekiem-zakonczony-sukcesem\\\/#respond\"]}]},{\"@type\":\"WebPage\",\"@id\":\"https:\\\/\\\/ettagoglobal.com\\\/pl\\\/miedzynarodowy-projekt-zarzadzanie-roznorodnoscia-na-przykladzie-zarzadzania-wiekiem-zakonczony-sukcesem\\\/\",\"url\":\"https:\\\/\\\/ettagoglobal.com\\\/pl\\\/miedzynarodowy-projekt-zarzadzanie-roznorodnoscia-na-przykladzie-zarzadzania-wiekiem-zakonczony-sukcesem\\\/\",\"name\":\"Mi\u0119dzynarodowy projekt \u201cZarz\u0105dzanie r\u00f3\u017cnorodno\u015bci\u0105 na przyk\u0142adzie zarz\u0105dzania wiekiem\u201d \u2013 zako\u0144czony sukcesem!\",\"isPartOf\":{\"@id\":\"https:\\\/\\\/ettagoglobal.com\\\/#website\"},\"datePublished\":\"2016-01-20T14:04:27+00:00\",\"author\":{\"@id\":\"https:\\\/\\\/ettagoglobal.com\\\/#\\\/schema\\\/person\\\/0ec198e9f69d021b822ba3f380abaadd\"},\"description\":\"Podsumowanie dwuletniego projektu dot. zarz\u0105dzania r\u00f3\u017cnorodno\u015bci\u0105 wiekow\u0105, realizowanego w ramach wsp\u00f3\u0142pracy z Uni\u0105 Europejsk\u0105.\",\"breadcrumb\":{\"@id\":\"https:\\\/\\\/ettagoglobal.com\\\/pl\\\/miedzynarodowy-projekt-zarzadzanie-roznorodnoscia-na-przykladzie-zarzadzania-wiekiem-zakonczony-sukcesem\\\/#breadcrumb\"},\"inLanguage\":\"pl-PL\",\"potentialAction\":[{\"@type\":\"ReadAction\",\"target\":[\"https:\\\/\\\/ettagoglobal.com\\\/pl\\\/miedzynarodowy-projekt-zarzadzanie-roznorodnoscia-na-przykladzie-zarzadzania-wiekiem-zakonczony-sukcesem\\\/\"]}]},{\"@type\":\"BreadcrumbList\",\"@id\":\"https:\\\/\\\/ettagoglobal.com\\\/pl\\\/miedzynarodowy-projekt-zarzadzanie-roznorodnoscia-na-przykladzie-zarzadzania-wiekiem-zakonczony-sukcesem\\\/#breadcrumb\",\"itemListElement\":[{\"@type\":\"ListItem\",\"position\":1,\"name\":\"Strona g\u0142\u00f3wna\",\"item\":\"https:\\\/\\\/ettagoglobal.com\\\/pl\\\/home-2\\\/\"},{\"@type\":\"ListItem\",\"position\":2,\"name\":\"Mi\u0119dzynarodowy projekt \u201cZarz\u0105dzanie r\u00f3\u017cnorodno\u015bci\u0105 na przyk\u0142adzie zarz\u0105dzania wiekiem\u201d \u2013 zako\u0144czony sukcesem!\"}]},{\"@type\":\"WebSite\",\"@id\":\"https:\\\/\\\/ettagoglobal.com\\\/#website\",\"url\":\"https:\\\/\\\/ettagoglobal.com\\\/\",\"name\":\"ETTA\",\"description\":\"Global Connections. Let&#039;s do it bETTA!\",\"potentialAction\":[{\"@type\":\"SearchAction\",\"target\":{\"@type\":\"EntryPoint\",\"urlTemplate\":\"https:\\\/\\\/ettagoglobal.com\\\/?s={search_term_string}\"},\"query-input\":{\"@type\":\"PropertyValueSpecification\",\"valueRequired\":true,\"valueName\":\"search_term_string\"}}],\"inLanguage\":\"pl-PL\"},{\"@type\":\"Person\",\"@id\":\"https:\\\/\\\/ettagoglobal.com\\\/#\\\/schema\\\/person\\\/0ec198e9f69d021b822ba3f380abaadd\",\"name\":\"admin\",\"sameAs\":[\"https:\\\/\\\/etta.sellwise.cfolks.pl\"],\"url\":\"https:\\\/\\\/ettagoglobal.com\\\/pl\\\/author\\\/bcebrzyna\\\/\"}]}<\/script>\n<!-- \/ Yoast SEO plugin. -->","yoast_head_json":{"title":"Mi\u0119dzynarodowy projekt \u201cZarz\u0105dzanie r\u00f3\u017cnorodno\u015bci\u0105 na przyk\u0142adzie zarz\u0105dzania wiekiem\u201d \u2013 zako\u0144czony sukcesem!","description":"Podsumowanie dwuletniego projektu dot. zarz\u0105dzania r\u00f3\u017cnorodno\u015bci\u0105 wiekow\u0105, realizowanego w ramach wsp\u00f3\u0142pracy z Uni\u0105 Europejsk\u0105.","robots":{"index":"index","follow":"follow","max-snippet":"max-snippet:-1","max-image-preview":"max-image-preview:large","max-video-preview":"max-video-preview:-1"},"canonical":"https:\/\/ettagoglobal.com\/pl\/miedzynarodowy-projekt-zarzadzanie-roznorodnoscia-na-przykladzie-zarzadzania-wiekiem-zakonczony-sukcesem\/","og_locale":"pl_PL","og_type":"article","og_title":"Mi\u0119dzynarodowy projekt \u201cZarz\u0105dzanie r\u00f3\u017cnorodno\u015bci\u0105 na przyk\u0142adzie zarz\u0105dzania wiekiem\u201d \u2013 zako\u0144czony sukcesem!","og_description":"Podsumowanie dwuletniego projektu dot. zarz\u0105dzania r\u00f3\u017cnorodno\u015bci\u0105 wiekow\u0105, realizowanego w ramach wsp\u00f3\u0142pracy z Uni\u0105 Europejsk\u0105.","og_url":"https:\/\/ettagoglobal.com\/pl\/miedzynarodowy-projekt-zarzadzanie-roznorodnoscia-na-przykladzie-zarzadzania-wiekiem-zakonczony-sukcesem\/","og_site_name":"ETTA","article_published_time":"2016-01-20T14:04:27+00:00","og_image":[{"width":410,"height":150,"url":"https:\/\/ettagoglobal.com\/wp-content\/uploads\/2022\/02\/etta_logo_retina-1.png","type":"image\/png"}],"author":"admin","twitter_card":"summary_large_image","twitter_misc":{"Napisane przez":"admin","Szacowany czas czytania":"5 minut"},"schema":{"@context":"https:\/\/schema.org","@graph":[{"@type":"Article","@id":"https:\/\/ettagoglobal.com\/pl\/miedzynarodowy-projekt-zarzadzanie-roznorodnoscia-na-przykladzie-zarzadzania-wiekiem-zakonczony-sukcesem\/#article","isPartOf":{"@id":"https:\/\/ettagoglobal.com\/pl\/miedzynarodowy-projekt-zarzadzanie-roznorodnoscia-na-przykladzie-zarzadzania-wiekiem-zakonczony-sukcesem\/"},"author":{"name":"admin","@id":"https:\/\/ettagoglobal.com\/#\/schema\/person\/0ec198e9f69d021b822ba3f380abaadd"},"headline":"Mi\u0119dzynarodowy projekt \u201cZarz\u0105dzanie r\u00f3\u017cnorodno\u015bci\u0105 na przyk\u0142adzie zarz\u0105dzania wiekiem\u201d \u2013 zako\u0144czony sukcesem!","datePublished":"2016-01-20T14:04:27+00:00","mainEntityOfPage":{"@id":"https:\/\/ettagoglobal.com\/pl\/miedzynarodowy-projekt-zarzadzanie-roznorodnoscia-na-przykladzie-zarzadzania-wiekiem-zakonczony-sukcesem\/"},"wordCount":1068,"commentCount":0,"articleSection":["Case study"],"inLanguage":"pl-PL","potentialAction":[{"@type":"CommentAction","name":"Comment","target":["https:\/\/ettagoglobal.com\/pl\/miedzynarodowy-projekt-zarzadzanie-roznorodnoscia-na-przykladzie-zarzadzania-wiekiem-zakonczony-sukcesem\/#respond"]}]},{"@type":"WebPage","@id":"https:\/\/ettagoglobal.com\/pl\/miedzynarodowy-projekt-zarzadzanie-roznorodnoscia-na-przykladzie-zarzadzania-wiekiem-zakonczony-sukcesem\/","url":"https:\/\/ettagoglobal.com\/pl\/miedzynarodowy-projekt-zarzadzanie-roznorodnoscia-na-przykladzie-zarzadzania-wiekiem-zakonczony-sukcesem\/","name":"Mi\u0119dzynarodowy projekt \u201cZarz\u0105dzanie r\u00f3\u017cnorodno\u015bci\u0105 na przyk\u0142adzie zarz\u0105dzania wiekiem\u201d \u2013 zako\u0144czony sukcesem!","isPartOf":{"@id":"https:\/\/ettagoglobal.com\/#website"},"datePublished":"2016-01-20T14:04:27+00:00","author":{"@id":"https:\/\/ettagoglobal.com\/#\/schema\/person\/0ec198e9f69d021b822ba3f380abaadd"},"description":"Podsumowanie dwuletniego projektu dot. zarz\u0105dzania r\u00f3\u017cnorodno\u015bci\u0105 wiekow\u0105, realizowanego w ramach wsp\u00f3\u0142pracy z Uni\u0105 Europejsk\u0105.","breadcrumb":{"@id":"https:\/\/ettagoglobal.com\/pl\/miedzynarodowy-projekt-zarzadzanie-roznorodnoscia-na-przykladzie-zarzadzania-wiekiem-zakonczony-sukcesem\/#breadcrumb"},"inLanguage":"pl-PL","potentialAction":[{"@type":"ReadAction","target":["https:\/\/ettagoglobal.com\/pl\/miedzynarodowy-projekt-zarzadzanie-roznorodnoscia-na-przykladzie-zarzadzania-wiekiem-zakonczony-sukcesem\/"]}]},{"@type":"BreadcrumbList","@id":"https:\/\/ettagoglobal.com\/pl\/miedzynarodowy-projekt-zarzadzanie-roznorodnoscia-na-przykladzie-zarzadzania-wiekiem-zakonczony-sukcesem\/#breadcrumb","itemListElement":[{"@type":"ListItem","position":1,"name":"Strona g\u0142\u00f3wna","item":"https:\/\/ettagoglobal.com\/pl\/home-2\/"},{"@type":"ListItem","position":2,"name":"Mi\u0119dzynarodowy projekt \u201cZarz\u0105dzanie r\u00f3\u017cnorodno\u015bci\u0105 na przyk\u0142adzie zarz\u0105dzania wiekiem\u201d \u2013 zako\u0144czony sukcesem!"}]},{"@type":"WebSite","@id":"https:\/\/ettagoglobal.com\/#website","url":"https:\/\/ettagoglobal.com\/","name":"ETTA","description":"Global Connections. Let&#039;s do it bETTA!","potentialAction":[{"@type":"SearchAction","target":{"@type":"EntryPoint","urlTemplate":"https:\/\/ettagoglobal.com\/?s={search_term_string}"},"query-input":{"@type":"PropertyValueSpecification","valueRequired":true,"valueName":"search_term_string"}}],"inLanguage":"pl-PL"},{"@type":"Person","@id":"https:\/\/ettagoglobal.com\/#\/schema\/person\/0ec198e9f69d021b822ba3f380abaadd","name":"admin","sameAs":["https:\/\/etta.sellwise.cfolks.pl"],"url":"https:\/\/ettagoglobal.com\/pl\/author\/bcebrzyna\/"}]}},"_links":{"self":[{"href":"https:\/\/ettagoglobal.com\/pl\/wp-json\/wp\/v2\/posts\/17939","targetHints":{"allow":["GET"]}}],"collection":[{"href":"https:\/\/ettagoglobal.com\/pl\/wp-json\/wp\/v2\/posts"}],"about":[{"href":"https:\/\/ettagoglobal.com\/pl\/wp-json\/wp\/v2\/types\/post"}],"author":[{"embeddable":true,"href":"https:\/\/ettagoglobal.com\/pl\/wp-json\/wp\/v2\/users\/1"}],"replies":[{"embeddable":true,"href":"https:\/\/ettagoglobal.com\/pl\/wp-json\/wp\/v2\/comments?post=17939"}],"version-history":[{"count":0,"href":"https:\/\/ettagoglobal.com\/pl\/wp-json\/wp\/v2\/posts\/17939\/revisions"}],"wp:attachment":[{"href":"https:\/\/ettagoglobal.com\/pl\/wp-json\/wp\/v2\/media?parent=17939"}],"wp:term":[{"taxonomy":"category","embeddable":true,"href":"https:\/\/ettagoglobal.com\/pl\/wp-json\/wp\/v2\/categories?post=17939"},{"taxonomy":"post_tag","embeddable":true,"href":"https:\/\/ettagoglobal.com\/pl\/wp-json\/wp\/v2\/tags?post=17939"}],"curies":[{"name":"wp","href":"https:\/\/api.w.org\/{rel}","templated":true}]}}